{"id":3208,"date":"2019-12-16T14:48:42","date_gmt":"2019-12-16T13:48:42","guid":{"rendered":"http:\/\/przyjaznadolinaraby.info\/2014-2020\/?p=3208"},"modified":"2019-12-16T19:14:24","modified_gmt":"2019-12-16T18:14:24","slug":"nabor-nr-5-2020-wzmocnienia-kapitalu-spolecznego-w-tym-przez-podnoszenie-wiedzy-spolecznosci-lokalnej-w-zakresie-ochrony-srodowiska-i-zmian-klimatycznych-takze-z-wykorzystaniem-rozwiazan-i","status":"publish","type":"post","link":"https:\/\/przyjaznadolinaraby.info\/2014-2020\/nabor-nr-5-2020-wzmocnienia-kapitalu-spolecznego-w-tym-przez-podnoszenie-wiedzy-spolecznosci-lokalnej-w-zakresie-ochrony-srodowiska-i-zmian-klimatycznych-takze-z-wykorzystaniem-rozwiazan-i\/","title":{"rendered":"Nab\u00f3r nr 5\/2020 \u2013 Wzmocnienia kapita\u0142u spo\u0142ecznego, w tym przez podnoszenie wiedzy spo\u0142eczno\u015bci lokalnej w zakresie ochrony \u015brodowiska i zmian klimatycznych, tak\u017ce z wykorzystaniem rozwi\u0105za\u0144 innowacyjnych (wydarzenia, warsztaty i szkolenia bazuj\u0105ce na dziedzictwie kulturowym lub przyrodniczym obszaru)"},"content":{"rendered":"\n<p>Lokalna Grupa Dzia\u0142ania <strong> <\/strong>Stowarzyszenie Przyjazna Dolina Raby i Czarnej Orawy, dzia\u0142aj\u0105ca na terenie gmin: Rabka \u2013 Zdr\u00f3j, Raba Wy\u017cna, Spytkowice, Jab\u0142onka i Lipnica Wielka  informuje o mo\u017cliwo\u015bci sk\u0142adania  wniosk\u00f3w o przyznanie pomocy na operacje  z zakresu: <\/p>\n\n\n\n<p class=\"has-text-color has-vivid-red-color\"><strong>Wzmocnienia kapita\u0142u spo\u0142ecznego, w tym przez podnoszenie wiedzy spo\u0142eczno\u015bci lokalnej w zakresie ochrony \u015brodowiska i zmian klimatycznych, tak\u017ce z wykorzystaniem rozwi\u0105za\u0144 innowacyjnych<\/strong> <\/p>\n\n\n\n<p>w ramach poddzia\u0142ania \u201eWsparcie na wdra\u017canie operacji w ramach strategii rozwoju lokalnego kierowanego przez spo\u0142eczno\u015b\u0107\u201d,  obj\u0119tego Programem Rozwoju Obszar\u00f3w Wiejskich na lata 2014-2020 z udzia\u0142em \u015brodk\u00f3w Europejskiego Funduszu Rolnego na rzecz Rozwoju Obszar\u00f3w Wiejskich<br><\/p>\n\n\n\n<p><strong>Wsparcie udzielane jest: w formie refundacji<\/strong><\/p>\n\n\n\n<p><strong>Wnioski o przyznanie pomocy mo\u017cna sk\u0142ada\u0107 w terminie:<\/strong><\/p>\n\n\n\n<p class=\"has-text-color has-vivid-cyan-blue-color\"><strong>od 06.01.2020 r. do 24.01.2020 r.<\/strong><\/p>\n\n\n\n<p>Wnioski nale\u017cy sk\u0142ada\u0107 <strong>bezpo\u015brednio<\/strong> w siedzibie <strong>Stowarzyszenia Przyjazna Dolina Raby i\nCzarnej Orawy<\/strong> miejscowo\u015b\u0107: <strong>Raba\nWy\u017cna 45 B, <\/strong>w godz.<strong> od 08.00 do 14.00<\/strong>\n<\/p>\n\n\n\n<p><strong>Zakres tematyczny operacji: <\/strong><\/p>\n\n\n\n<p class=\"has-text-color has-vivid-red-color\"><strong>CEL OG\u00d3LNY :<\/strong><\/p>\n\n\n\n<p><strong><em>II.&nbsp;\nWspieranie i integrowanie mieszka\u0144c\u00f3w obszaru Przyjaznej Doliny Raby i\nCzarnej Orawy<\/em><\/strong><\/p>\n\n\n\n<p class=\"has-text-color has-vivid-red-color\"><strong>CEL SZCZEG\u00d3\u0141OWY:<\/strong><\/p>\n\n\n\n<p><strong><em>II.1 Wzmacnianie wi\u0119zi, to\u017csamo\u015bci kulturowej i lokalnej w szczeg\u00f3lno\u015bci\npoprzez integracj\u0119 i aktywne \u017cycie spo\u0142eczno\u015bci<\/em><\/strong><strong><\/strong><\/p>\n\n\n\n<p class=\"has-text-color has-vivid-red-color\"><strong>PRZEDSI\u0118WZI\u0118CIE\n:<\/strong><\/p>\n\n\n\n<p><strong><em>II.1.2.\nDzia\u0142ania oparte na kultywowaniu tradycji lokalnych, dziedzictwa kulturowego i\nprzyrodniczego<\/em><\/strong><strong><em><\/em><\/strong><\/p>\n\n\n\n<p class=\"has-text-color has-vivid-red-color\"><strong>WSKA\u0179NIK\nPRODUKTU<\/strong> <strong>w ramach kt\u00f3rego realizowany\njest nab\u00f3r:<\/strong><\/p>\n\n\n\n<p class=\"has-text-color has-vivid-red-color\"><strong><em>Liczba wydarze\u0144, warsztat\u00f3w i szkole\u0144 bazuj\u0105cych na dziedzictwie kulturowym lub przyrodniczym obszaru \u2013 warto\u015b\u0107 docelowa 20 wydarze\u0144<\/em><\/strong><\/p>\n\n\n\n<p><strong>Warunki\nudzielenia wsparcia:<\/strong><\/p>\n\n\n\n<p>1. Z\u0142o\u017cenie kompletu wymaganej\ndokumentacji w miejscu i terminie podanym w og\u0142oszeniu.<\/p>\n\n\n\n<p>2. Zgodno\u015b\u0107 operacji z warunkami\nprzyznania pomocy okre\u015blonymi w PROW na lata 2014-2020.<\/p>\n\n\n\n<p>3. Zgodno\u015b\u0107 operacji ze Strategi\u0105\nRozwoju Lokalnego kierowanego przez spo\u0142eczno\u015b\u0107 (LSR).<\/p>\n\n\n\n<p>4. Zgodno\u015b\u0107 operacji z lokalnymi\nkryteriami wyboru operacji, oraz uzyskanie minimalnej liczby punkt\u00f3w.<\/p>\n\n\n\n<p><strong>Kryteria\nwyboru operacji:<\/strong><\/p>\n\n\n\n<p>Lokalne kryteria wyboru operacji\nznajduj\u0105 si\u0119 na stronie LGD \u2013 www.przyjaznadolinaraby.info oraz w wersji\npapierowej w Biurze LGD. <\/p>\n\n\n\n<p>Minimalna liczba punkt\u00f3w, kt\u00f3rej uzyskanie jest warunkiem wyboru operacji wynosi: 60% mo\u017cliwej do uzyskania maksymalnej liczby punkt\u00f3w (50 pkt. ) tj.\u00a0<strong> minimum 30 pkt.<\/strong><\/p>\n\n\n\n<p>Pomoc &nbsp;przys\u0142uguje wed\u0142ug\nkolejno\u015bci ustalonej na podstawie liczby punkt\u00f3w&nbsp;uzyskanych w ramach oceny\nRady LGD za pomoc\u0105 kryteri\u00f3w wyboru operacji okre\u015blonych w LSR. W przypadku,\ngdy dwie lub wi\u0119cej operacji uzyska\u0142o w ocenie tak\u0105 sam\u0105 liczb\u0119 punkt\u00f3w, o\nmiejscu na li\u015bcie operacji decyduje data i godzina wp\u0142ywu wniosku bezpo\u015brednio\ndo biura LGD.<\/p>\n\n\n\n<p>Formularz wniosku o przyznanie pomocy,\nwniosku o p\u0142atno\u015b\u0107 oraz projekt umowy <br>\no udzielenie wsparcia dost\u0119pne s\u0105 na stronie internetowej Urz\u0119du\nMarsza\u0142kowskiego Wojew\u00f3dztwa Ma\u0142opolskiego &#8211; <a href=\"http:\/\/www.prow.malopolska.pl\">www.prow.malopolska.pl<\/a><\/p>\n\n\n\n<p>Formularz wniosku o udzielenie wsparcia, formularz wniosku o p\u0142atno\u015b\u0107, formularz umowy o udzielenie wsparcia, LSR, kryteria wyboru operacji s\u0105 udost\u0119pnione na stronie: Lokalnej Grupy Dzia\u0142ania <strong>Stowarzyszenia Przyjazna Dolina Raby i Czarnej Orawy<\/strong> oraz do wgl\u0105du &nbsp;w Biurze Lokalnej Grupy Dzia\u0142ania miejscowo\u015b\u0107: <strong>Raba Wy\u017cna 45 B<\/strong> w godz.<strong> od 08.00 do 16.00<\/strong><\/p>\n\n\n\n<p class=\"has-text-color has-vivid-red-color\"><strong>Wysoko\u015b\u0107\ndost\u0119pnych \u015brodk\u00f3w w ramach naboru wynosi &nbsp;200&nbsp;000,00 z\u0142.<\/strong><\/p>\n\n\n\n<p class=\"has-text-color has-vivid-red-color\">Kwota pomocy na jednego beneficjenta : nie mniej ni\u017c 50\u00a0000,00 z\u0142 i nie wi\u0119cej ni\u017c 300\u00a0000,00 na realizacje jednej operacji<\/p>\n\n\n\n<p><strong>Intensywno\u015b\u0107 pomocy na jedn\u0105\noperacj\u0119 wynosi:<\/strong><strong><\/strong><\/p>\n\n\n\n<p><strong>a) do 70% koszt\u00f3w kwalifikowalnych \u2013<\/strong> w przypadku podmiotu wykonuj\u0105cego dzia\u0142alno\u015b\u0107 gospodarcz\u0105, do&nbsp;kt\u00f3rej stosuje si\u0119 przepisy ustawy z dnia 2 lipca 2004 r. o swobodzie dzia\u0142alno\u015bci gospodarczej,<\/p>\n\n\n\n<p><strong>b) do 63,63% koszt\u00f3w kwalifikowalnych \u2013 <\/strong>w przypadku jednostek sektora finans\u00f3w publicznych<\/p>\n\n\n\n<p><strong>c) do 100% koszt\u00f3w kwalifikowalnych \u2013 <\/strong>w przypadku pozosta\u0142ych podmiot\u00f3w.<\/p>\n\n\n\n<p><strong>Wykaz\ndokument\u00f3w niezb\u0119dnych do wyboru projekt\u00f3w:<\/strong><\/p>\n\n\n\n<ol><li>Formularz wniosku o przyznanie  pomocy wraz z kompletem za\u0142\u0105cznik\u00f3w \u2013w wersji papierowej i elektronicznej \u2013 2 komplety,<\/li><li>O\u015bwiadczenie wnioskodawcy o wyra\u017ceniu zgody na przetwarzanie danych osobowych <\/li><li>O\u015bwiadczenie wnioskodawcy o z\u0142o\u017ceniu to\u017csamej wersji papierowej z elektroniczn\u0105 wniosku o przyznanie pomocy i za\u0142\u0105cznik\u00f3w<\/li><\/ol>\n\n\n\n<p class=\"has-text-color has-vivid-red-color\"><strong>Prosimy o sk\u0142adanie wniosk\u00f3w w\nskoroszytach a za\u0142\u0105czniki prosimy do\u0142\u0105czy\u0107 wg kolejno\u015bci wskazanej w pkt.\nB.VII. wniosku o przyznanie pomocy.<\/strong><\/p>\n\n\n\n<p>Wszelkie informacje niezb\u0119dne dla prawid\u0142owego wype\u0142nienia wniosk\u00f3w udzielane s\u0105 w Biurze Lokalnej Grupy Dzia\u0142ania oraz pod numerem&nbsp; <strong>tel. 18 26 78 648 \/ 500&nbsp;475 840 <\/strong>w godz.<strong> od 08.00 do 16.00<\/strong><\/p>\n\n\n\n<p><strong>DOKUMENTY:<\/strong><\/p>\n\n\n\n<p><a href=\"https:\/\/drive.google.com\/open?id=1ikDeNen1QeySVWcvuxq6A7QyUAxLsNWE\">Og\u0142oszenie nab\u00f3r 5\/2020<\/a><\/p>\n\n\n\n<p><strong>Dokumentacja aplikacyjna:<\/strong><\/p>\n\n\n\n<p><a href=\"https:\/\/www.arimr.gov.pl\/fileadmin\/pliki\/wnioski\/PROW_2014_2020\/Dzialanie_19_2_\/2017\/09_11_2017\/WoPP_19.2_I_3z.xlsx\">Wniosek o przyznanie pomocy.exel<\/a><\/p>\n\n\n\n<p><a href=\"https:\/\/www.arimr.gov.pl\/fileadmin\/pliki\/wnioski\/PROW_2014_2020\/Dzialanie_19_2_\/2017\/09_11_2017\/WoPP_19.2_I_3z.pdf\">Wniosek o przyznanie pomocy.pdf<\/a><\/p>\n\n\n\n<p><a href=\"https:\/\/www.arimr.gov.pl\/fileadmin\/pliki\/wnioski\/PROW_2014_2020\/Dzialanie_19_2_\/2017\/09_11_2017\/WoPP_19.2_I_3z_ark_wspolwn.xlsx\">Dodatkowe arkusze dla podmiot\u00f3w wsp\u00f3\u0142wnioskuj\u0105cych do wielokrotnego wype\u0142niania.exel<\/a><\/p>\n\n\n\n<p><a href=\"https:\/\/www.arimr.gov.pl\/fileadmin\/pliki\/wnioski\/PROW_2014_2020\/Dzialanie_19_2_\/2017\/09_11_2017\/WoPP_19.2_I_3z_ark_wspolwn.pdf\">Dodatkowe arkusze dla podmiot\u00f3w wsp\u00f3\u0142wnioskuj\u0105cych do wielokrotnego wype\u0142niania.pdf<\/a><\/p>\n\n\n\n<p><a href=\"https:\/\/www.arimr.gov.pl\/fileadmin\/pliki\/wnioski\/PROW_2014_2020\/Dzialanie_19_2_\/2017\/01_12_2017\/IW-1_19.2_I_3z_ze_zm_01.12.2017.pdf\">Instrukcja wype\u0142nienia wniosku<\/a><\/p>\n\n\n\n<p><a href=\"http:\/\/przyjaznadolinaraby.info\/2014-2020\/wp-content\/uploads\/2017\/11\/Formularz-informacji-przedstawianych-przy-ubieganiu-si\u0119-o-pomoc-de-minimis.xls\">Formularz informacji przedstawianych przy ubieganiu si\u0119 o pomoc de minimis<\/a><\/p>\n\n\n\n<p><a href=\"http:\/\/przyjaznadolinaraby.info\/2014-2020\/wp-content\/uploads\/2018\/06\/O\u015bwiadczenie-wnioskodawcy-o-wyra\u017ceniu_zgody-na-przetwarzanie-danych-osobowych.doc\">O\u015bwiadczenie wnioskodawcy o wyra\u017ceniu zgody na przetwarzanie danych osobowych<\/a><\/p>\n\n\n\n<p><a href=\"http:\/\/przyjaznadolinaraby.info\/2014-2020\/wp-content\/uploads\/2018\/04\/O\u015bwiadczenie-wnioskodawcy-o-z\u0142o\u017ceniu-to\u017csamej-wersji-papierowej-z-elektroniczn\u0105.doc\">O\u015bwiadczenie wnioskodawcy o z\u0142o\u017ceniu to\u017csamej wersji papierowej z elektroniczn\u0105<\/a><\/p>\n\n\n\n<p><strong>Formularze o\u015bwiadcze\u0144 i zg\u00f3d w zakresie zasad przetwarzania danych osobowych:<\/strong><\/p>\n\n\n\n<p><a href=\"http:\/\/przyjaznadolinaraby.info\/2014-2020\/wp-content\/uploads\/2018\/06\/RODO_klauzule_19.2.docx\">O\u015aWIADCZENIA DOTYCZ\u0104CE PRZETWARZANIA DANYCH OSOBOWYCH <\/a><\/p>\n\n\n\n<p><strong>Dokumentacja proceduralna:<\/strong><\/p>\n\n\n\n<p><a href=\"https:\/\/drive.google.com\/open?id=1_JdH-O5CipANe-VSFCEukwLLBQ4p1tgO\">Kryteria wyboru operacji realizowanych przez podmioty inne ni\u017c LGD<\/a><\/p>\n\n\n\n<p><a href=\"http:\/\/przyjaznadolinaraby.info\/2014-2020\/wp-content\/uploads\/2017\/11\/Procedura-oceny-i-wyboru-operacji-inne-ostateczna.doc\">Procedura oceny i wyboru operacji inne<\/a><\/p>\n\n\n\n<p><a href=\"http:\/\/przyjaznadolinaraby.info\/2014-2020\/wp-content\/uploads\/2017\/11\/Za\u0142\u0105cznik-nr-2-do-Wytycznych-6_4_2017-1.xls\">Za\u0142\u0105cznik nr 2 do wytycznych \u2013 Karta oceny zgodno\u015bci z PROW<\/a><\/p>\n\n\n\n<p><a href=\"https:\/\/drive.google.com\/open?id=1683kvRJi0ujyO1gCoY5op7Svr7Q9hZlH\">Strategia Rozwoju Lokalnego kierowanego przez spo\u0142eczno\u015b\u0107<\/a><\/p>\n\n\n\n<p><strong>Pozosta\u0142e dokumenty udost\u0119pnione:<\/strong><\/p>\n\n\n\n<p>Formularz umowy o przyznaniu pomocy<\/p>\n\n\n\n<ul><li>Umowa o przyznaniu pomocy (.pdf) \u2013&nbsp;<a href=\"http:\/\/www.arimr.gov.pl\/fileadmin\/pliki\/wnioski\/PROW_2014_2020\/Dzialanie_19_2_\/2018\/Umowa_I\/umowa_7z.pdf\" target=\"_blank\" rel=\"noreferrer noopener\">otw\u00f3rz<\/a><\/li><li>Za\u0142\u0105cznik 1 zestawienie finansowo-rzeczowe operacji (.pdf) \u2013&nbsp;<a href=\"https:\/\/www.arimr.gov.pl\/fileadmin\/pliki\/wnioski\/PROW_2014_2020\/Dzialanie_19_2_\/2018\/Umowa_I\/Zalacznik_nr_1.pdf\" target=\"_blank\" rel=\"noreferrer noopener\">otw\u00f3rz<\/a><\/li><li>Za\u0142\u0105cznik 2 wykaz dzia\u0142ek ewidencyjnych (.pdf) \u2013&nbsp;<a href=\"https:\/\/www.arimr.gov.pl\/fileadmin\/pliki\/wnioski\/PROW_2014_2020\/Dzialanie_19_2_\/2018\/Umowa_I\/Zalacznik_nr_2.pdf\" target=\"_blank\" rel=\"noreferrer noopener\">otw\u00f3rz<\/a><\/li><li>Za\u0142\u0105cznik 3 kary administracyjne za naruszenie przepis\u00f3w zam\u00f3wie\u0144 publicznych (.pdf) \u2013&nbsp;<a href=\"https:\/\/www.arimr.gov.pl\/fileadmin\/pliki\/wnioski\/PROW_2014_2020\/Dzialanie_19_2_\/2018\/Umowa_I\/Zalacznik_nr_3.pdf\" target=\"_blank\" rel=\"noreferrer noopener\">otw\u00f3rz<\/a><\/li><li>Za\u0142\u0105cznik 3 A kary administracyjne za naruszenie przepis\u00f3w o zam\u00f3wieniach publicznych po wej\u015bciu w \u017cycie ustawy z dnia 22 czerwca 2016 r. o zmianie ustawy \u2013 Prawo zam\u00f3wie\u0144 publicznych oraz niekt\u00f3rych innych ustaw (Dz. U. poz. 1020) (.pdf) \u2013&nbsp;<a href=\"https:\/\/www.arimr.gov.pl\/fileadmin\/pliki\/wnioski\/PROW_2014_2020\/Dzialanie_19_2_\/2018\/Umowa_I\/Zalacznik_nr_3a.pdf\" target=\"_blank\" rel=\"noreferrer noopener\">otw\u00f3rz<\/a><\/li><li>Za\u0142\u0105cznik 5 Informacja monitoruj\u0105ca z realizacji biznesplanu\/Informacja po realizacji operacji (.pdf) \u2013&nbsp;<a href=\"https:\/\/www.arimr.gov.pl\/fileadmin\/pliki\/wnioski\/PROW_2014_2020\/Dzialanie_19_2_\/2019\/04_10_2019\/Umowa_19_2_I_7z_Zal_5_IMBP_IPRO_20191004.pdf\" target=\"_blank\" rel=\"noreferrer noopener\">otw\u00f3rz<\/a><\/li><\/ul>\n\n\n\n<p>&nbsp;Formularz informacji monitoruj\u0105cej z realizacji biznesplanu \/ informacji po realizacji operacji (IMRB\/ IPRO)<\/p>\n\n\n\n<ul><li>Informacja monitoruj\u0105ca z realizacji biznesplanu \/ Informacja po realizacji operacji (.excel) \u2013&nbsp;<a href=\"https:\/\/www.arimr.gov.pl\/fileadmin\/pliki\/wnioski\/PROW_2014_2020\/Dzialanie_19_2_\/2019\/04_10_2019\/IMBP_IPRO_19_2_IW_P_20191004.xlsx\">otw\u00f3rz<\/a><\/li><li>Informacja pomocnicza przy wype\u0142nianiu informacji monitoruj\u0105cej z realizacji biznesplanu \/ informacji po realizacji operacji (.pdf) \u2013&nbsp;<a href=\"https:\/\/www.arimr.gov.pl\/fileadmin\/pliki\/wnioski\/PROW_2014_2020\/Dzialanie_19_2_\/2019\/04_10_2019\/IP_IMBP_IPRO_19_2_IW_P_20191004.pdf\" target=\"_blank\" rel=\"noreferrer noopener\">otw\u00f3rz<\/a><\/li><\/ul>\n\n\n\n<p>Formularz wniosku o p\u0142atno\u015b\u0107<\/p>\n\n\n\n<ul><li>Wniosek o p\u0142atno\u015b\u0107 (.pdf) \u2013 wersja 4z \u2013&nbsp;<a href=\"https:\/\/www.arimr.gov.pl\/fileadmin\/pliki\/wnioski\/PROW_2014_2020\/Dzialanie_19_2_\/2019\/WoP_19_2_I_W_4z\/WoP_19.2_I_W_4z_20190530.pdf\" target=\"_blank\" rel=\"noreferrer noopener\">otw\u00f3rz<\/a><\/li><li>Dodatkowe arkusze dla podmiot\u00f3w wsp\u00f3\u0142wnioskuj\u0105cych do wielokrotnego wype\u0142niania (.pdf) \u2013 wersja 4z \u2013&nbsp;<a href=\"http:\/\/www.arimr.gov.pl\/fileadmin\/pliki\/wnioski\/PROW_2014_2020\/Dzialanie_19_2_\/2017\/09_11_2017\/WoP_19_2_I_W_3z_ark_wspolwn.pdf\" target=\"_blank\" rel=\"noreferrer noopener\">otw\u00f3rz<\/a><\/li><li>Wniosek o p\u0142atno\u015b\u0107 (.excel) \u2013 wersja 4z \u2013&nbsp;<a href=\"https:\/\/www.arimr.gov.pl\/fileadmin\/pliki\/wnioski\/PROW_2014_2020\/Dzialanie_19_2_\/2019\/WoP_19_2_I_W_4z\/14_08_2019\/WoP_19_2_IW_4z_20190723.xlsx\">otw\u00f3rz<\/a><\/li><li>Dodatkowe arkusze dla podmiot\u00f3w wsp\u00f3\u0142wnioskuj\u0105cych do wielokrotnego wype\u0142niania (.xlsx) \u2013 wersja 4z \u2013&nbsp;<a href=\"https:\/\/www.arimr.gov.pl\/fileadmin\/pliki\/wnioski\/PROW_2014_2020\/Dzialanie_19_2_\/2019\/WoP_19_2_I_W_4z\/p\/WoP_19_2_IW_4z_ark_wspolwn_20190530.xlsx\" target=\"_blank\" rel=\"noreferrer noopener\">otw\u00f3rz<\/a><\/li><\/ul>\n\n\n\n<p>Instrukcja wype\u0142niania wniosku o p\u0142atno\u015b\u0107 (wersja 4z) \u2013&nbsp;<a href=\"https:\/\/www.arimr.gov.pl\/fileadmin\/pliki\/wnioski\/PROW_2014_2020\/Dzialanie_19_2_\/2019\/WoP_19_2_I_W_4z\/IWoP_19_2_I_W_4z_20190530.pdf\" target=\"_blank\" rel=\"noreferrer noopener\">otw\u00f3rz<\/a><\/p>\n","protected":false},"excerpt":{"rendered":"<p>Lokalna Grupa Dzia\u0142ania Stowarzyszenie Przyjazna Dolina Raby i Czarnej Orawy, dzia\u0142aj\u0105ca na terenie gmin: Rabka \u2013 Zdr\u00f3j, Raba Wy\u017cna, Spytkowice, Jab\u0142onka i Lipnica Wielka informuje o mo\u017cliwo\u015bci sk\u0142adania wniosk\u00f3w o przyznanie pomocy na operacje z zakresu: Wzmocnienia kapita\u0142u spo\u0142ecznego, w tym przez podnoszenie wiedzy spo\u0142eczno\u015bci lokalnej w zakresie ochrony \u015brodowiska i zmian klimatycznych, tak\u017ce z <a href=\"https:\/\/przyjaznadolinaraby.info\/2014-2020\/nabor-nr-5-2020-wzmocnienia-kapitalu-spolecznego-w-tym-przez-podnoszenie-wiedzy-spolecznosci-lokalnej-w-zakresie-ochrony-srodowiska-i-zmian-klimatycznych-takze-z-wykorzystaniem-rozwiazan-i\/\" class=\"more-link\">&#8230;<span class=\"screen-reader-text\">  Nab\u00f3r nr 5\/2020 \u2013 Wzmocnienia kapita\u0142u spo\u0142ecznego, w tym przez podnoszenie wiedzy spo\u0142eczno\u015bci lokalnej w zakresie ochrony \u015brodowiska i zmian klimatycznych, tak\u017ce z wykorzystaniem rozwi\u0105za\u0144 innowacyjnych (wydarzenia, warsztaty i szkolenia bazuj\u0105ce na dziedzictwie kulturowym lub przyrodniczym obszaru)<\/span><\/a><\/p>\n","protected":false},"author":6,"featured_media":0,"comment_status":"open","ping_status":"open","sticky":false,"template":"","format":"standard","meta":{"_monsterinsights_skip_tracking":false,"_monsterinsights_sitenote_active":false,"_monsterinsights_sitenote_note":"","_monsterinsights_sitenote_category":0,"footnotes":""},"categories":[3,1],"tags":[],"acf":[],"_links":{"self":[{"href":"https:\/\/przyjaznadolinaraby.info\/2014-2020\/wp-json\/wp\/v2\/posts\/3208"}],"collection":[{"href":"https:\/\/przyjaznadolinaraby.info\/2014-2020\/wp-json\/wp\/v2\/posts"}],"about":[{"href":"https:\/\/przyjaznadolinaraby.info\/2014-2020\/wp-json\/wp\/v2\/types\/post"}],"author":[{"embeddable":true,"href":"https:\/\/przyjaznadolinaraby.info\/2014-2020\/wp-json\/wp\/v2\/users\/6"}],"replies":[{"embeddable":true,"href":"https:\/\/przyjaznadolinaraby.info\/2014-2020\/wp-json\/wp\/v2\/comments?post=3208"}],"version-history":[{"count":0,"href":"https:\/\/przyjaznadolinaraby.info\/2014-2020\/wp-json\/wp\/v2\/posts\/3208\/revisions"}],"wp:attachment":[{"href":"https:\/\/przyjaznadolinaraby.info\/2014-2020\/wp-json\/wp\/v2\/media?parent=3208"}],"wp:term":[{"taxonomy":"category","embeddable":true,"href":"https:\/\/przyjaznadolinaraby.info\/2014-2020\/wp-json\/wp\/v2\/categories?post=3208"},{"taxonomy":"post_tag","embeddable":true,"href":"https:\/\/przyjaznadolinaraby.info\/2014-2020\/wp-json\/wp\/v2\/tags?post=3208"}],"curies":[{"name":"wp","href":"https:\/\/api.w.org\/{rel}","templated":true}]}}