{"id":3734,"date":"2020-02-20T14:15:05","date_gmt":"2020-02-20T13:15:05","guid":{"rendered":"http:\/\/przyjaznadolinaraby.info\/2014-2020\/?p=3734"},"modified":"2020-02-20T14:28:44","modified_gmt":"2020-02-20T13:28:44","slug":"zaproszenie-na-posiedzenie-rady-stowarzyszenia-przyjazna-dolina-raby-i-czarnej-orawy-28-02-2020-r-ocena-naboru-2-2020-3-20207-2020","status":"publish","type":"post","link":"https:\/\/przyjaznadolinaraby.info\/2014-2020\/zaproszenie-na-posiedzenie-rady-stowarzyszenia-przyjazna-dolina-raby-i-czarnej-orawy-28-02-2020-r-ocena-naboru-2-2020-3-20207-2020\/","title":{"rendered":"Zaproszenie na Posiedzenie Rady Stowarzyszenia Przyjazna Dolina Raby i Czarnej Orawy-28.02.2020 r. Ocena naboru 2\/2020, 3\/2020,7\/2020."},"content":{"rendered":"\n<p>Stowarzyszenie Przyjazna Dolina Raby i Czarnej Orawy&nbsp; serdecznie zaprasza cz\u0142onk\u00f3w Rady &nbsp;na posiedzenie, kt\u00f3re odb\u0119dzie si\u0119 dnia <strong>28.02.2020 r. \/pi\u0105tek\/ o godz. 9:00 w biurze Stowarzyszenia Przyjazna Dolina Raby i Czarnej Orawy. <\/strong><\/p>\n\n\n\n<p>&nbsp;&nbsp;&nbsp;&nbsp;&nbsp;&nbsp;&nbsp;&nbsp;&nbsp;&nbsp;&nbsp;&nbsp;&nbsp;&nbsp;&nbsp;&nbsp;&nbsp;&nbsp;&nbsp;&nbsp;&nbsp;&nbsp;&nbsp;&nbsp;&nbsp;&nbsp;&nbsp;&nbsp;&nbsp;&nbsp;&nbsp;&nbsp;&nbsp;&nbsp;&nbsp;&nbsp;&nbsp;&nbsp;&nbsp;&nbsp;&nbsp;&nbsp;&nbsp;&nbsp;&nbsp;&nbsp;&nbsp;&nbsp;&nbsp;&nbsp;&nbsp;&nbsp;&nbsp;&nbsp;&nbsp;&nbsp;&nbsp;&nbsp;&nbsp;&nbsp;&nbsp;&nbsp;&nbsp;&nbsp;&nbsp;&nbsp;&nbsp;&nbsp;&nbsp;&nbsp;&nbsp;&nbsp;&nbsp;&nbsp;&nbsp;&nbsp;&nbsp; <br><strong>Proponowany program Posiedzenia Rady&nbsp;<\/strong><\/p>\n\n\n\n<ol><li>Otwarcie obrad i powitanie zebranych cz\u0142onk\u00f3w Rady, stwierdzenie prawomocno\u015bci obrad.<\/li><li>Przedstawienie porz\u0105dku i przyj\u0119cie porz\u0105dku obrad.<\/li><li>Podpisanie deklaracji&nbsp; bezstronno\u015bci i poufno\u015bci dotycz\u0105cych naboru nr 2\/2020.<\/li><li>Ocena zgodno\u015bci z LSR z\u0142o\u017conych wniosk\u00f3w w ramach naboru nr 2\/2020.<\/li><li>Ocena wed\u0142ug lokalnych kryteri\u00f3w wyboru operacji wniosk\u00f3w z\u0142o\u017conych w ramach naboru nr 2\/2020. <\/li><li>Ustalenie wysoko\u015bci kwot wsparcia.<\/li><li>Sporz\u0105dzenie list operacji.<\/li><li>Podj\u0119cie uchwa\u0142 o wybraniu lub niewybraniu operacji do finansowania oraz ustaleniu kwoty wsparcia.<\/li><li>Podpisanie deklaracji&nbsp; bezstronno\u015bci i poufno\u015bci dotycz\u0105cych naboru nr 3\/2020.<\/li><li>Ocena zgodno\u015bci z LSR z\u0142o\u017conych wniosk\u00f3w w ramach naboru nr 3\/2020.<\/li><li>Ocena wed\u0142ug lokalnych kryteri\u00f3w wyboru operacji wniosk\u00f3w z\u0142o\u017conych w ramach naboru nr 3\/2020. <\/li><li>Ustalenie wysoko\u015bci kwot wsparcia.<\/li><li>Sporz\u0105dzenie list operacji.<\/li><li>Podj\u0119cie uchwa\u0142 o wybraniu lub niewybraniu operacji do finansowania oraz ustaleniu kwoty wsparcia.<\/li><li>Podpisanie deklaracji&nbsp; bezstronno\u015bci i poufno\u015bci dotycz\u0105cych naboru nr 7\/2020.<\/li><li>Ocena zgodno\u015bci z LSR z\u0142o\u017conych wniosk\u00f3w w ramach naboru nr 7\/2020.<\/li><li>Ocena wed\u0142ug lokalnych kryteri\u00f3w wyboru operacji wniosk\u00f3w z\u0142o\u017conych w ramach naboru nr 7\/2020. <\/li><li>Ustalenie wysoko\u015bci kwot wsparcia.<\/li><li>Sporz\u0105dzenie list operacji.<\/li><li>Podj\u0119cie uchwa\u0142 o wybraniu lub niewybraniu operacji do finansowania oraz ustaleniu kwoty wsparcia.<\/li><li>Wolne wnioski i zapytania.<\/li><li>Zako\u0144czenie posiedzenia.<\/li><\/ol>\n","protected":false},"excerpt":{"rendered":"<p>Stowarzyszenie Przyjazna Dolina Raby i Czarnej Orawy&nbsp; serdecznie zaprasza cz\u0142onk\u00f3w Rady &nbsp;na posiedzenie, kt\u00f3re odb\u0119dzie si\u0119 dnia 28.02.2020 r. \/pi\u0105tek\/ o godz. 9:00 w biurze Stowarzyszenia Przyjazna Dolina Raby i Czarnej Orawy. &nbsp;&nbsp;&nbsp;&nbsp;&nbsp;&nbsp;&nbsp;&nbsp;&nbsp;&nbsp;&nbsp;&nbsp;&nbsp;&nbsp;&nbsp;&nbsp;&nbsp;&nbsp;&nbsp;&nbsp;&nbsp;&nbsp;&nbsp;&nbsp;&nbsp;&nbsp;&nbsp;&nbsp;&nbsp;&nbsp;&nbsp;&nbsp;&nbsp;&nbsp;&nbsp;&nbsp;&nbsp;&nbsp;&nbsp;&nbsp;&nbsp;&nbsp;&nbsp;&nbsp;&nbsp;&nbsp;&nbsp;&nbsp;&nbsp;&nbsp;&nbsp;&nbsp;&nbsp;&nbsp;&nbsp;&nbsp;&nbsp;&nbsp;&nbsp;&nbsp;&nbsp;&nbsp;&nbsp;&nbsp;&nbsp;&nbsp;&nbsp;&nbsp;&nbsp;&nbsp;&nbsp;&nbsp;&nbsp;&nbsp;&nbsp;&nbsp;&nbsp; Proponowany program Posiedzenia Rady&nbsp; Otwarcie obrad i powitanie zebranych cz\u0142onk\u00f3w Rady, stwierdzenie prawomocno\u015bci obrad. Przedstawienie porz\u0105dku i przyj\u0119cie porz\u0105dku obrad. Podpisanie deklaracji&nbsp; <a href=\"https:\/\/przyjaznadolinaraby.info\/2014-2020\/zaproszenie-na-posiedzenie-rady-stowarzyszenia-przyjazna-dolina-raby-i-czarnej-orawy-28-02-2020-r-ocena-naboru-2-2020-3-20207-2020\/\" class=\"more-link\">&#8230;<span class=\"screen-reader-text\">  Zaproszenie na Posiedzenie Rady Stowarzyszenia Przyjazna Dolina Raby i Czarnej Orawy-28.02.2020 r. Ocena naboru 2\/2020, 3\/2020,7\/2020.<\/span><\/a><\/p>\n","protected":false},"author":6,"featured_media":0,"comment_status":"open","ping_status":"open","sticky":false,"template":"","format":"standard","meta":{"_monsterinsights_skip_tracking":false,"_monsterinsights_sitenote_active":false,"_monsterinsights_sitenote_note":"","_monsterinsights_sitenote_category":0,"footnotes":""},"categories":[3,1],"tags":[],"acf":[],"_links":{"self":[{"href":"https:\/\/przyjaznadolinaraby.info\/2014-2020\/wp-json\/wp\/v2\/posts\/3734"}],"collection":[{"href":"https:\/\/przyjaznadolinaraby.info\/2014-2020\/wp-json\/wp\/v2\/posts"}],"about":[{"href":"https:\/\/przyjaznadolinaraby.info\/2014-2020\/wp-json\/wp\/v2\/types\/post"}],"author":[{"embeddable":true,"href":"https:\/\/przyjaznadolinaraby.info\/2014-2020\/wp-json\/wp\/v2\/users\/6"}],"replies":[{"embeddable":true,"href":"https:\/\/przyjaznadolinaraby.info\/2014-2020\/wp-json\/wp\/v2\/comments?post=3734"}],"version-history":[{"count":0,"href":"https:\/\/przyjaznadolinaraby.info\/2014-2020\/wp-json\/wp\/v2\/posts\/3734\/revisions"}],"wp:attachment":[{"href":"https:\/\/przyjaznadolinaraby.info\/2014-2020\/wp-json\/wp\/v2\/media?parent=3734"}],"wp:term":[{"taxonomy":"category","embeddable":true,"href":"https:\/\/przyjaznadolinaraby.info\/2014-2020\/wp-json\/wp\/v2\/categories?post=3734"},{"taxonomy":"post_tag","embeddable":true,"href":"https:\/\/przyjaznadolinaraby.info\/2014-2020\/wp-json\/wp\/v2\/tags?post=3734"}],"curies":[{"name":"wp","href":"https:\/\/api.w.org\/{rel}","templated":true}]}}