{"id":390,"date":"2016-08-11T12:21:18","date_gmt":"2016-08-11T10:21:18","guid":{"rendered":"http:\/\/przyjaznadolinaraby.info\/2014-2020\/?p=390"},"modified":"2016-08-11T14:05:52","modified_gmt":"2016-08-11T12:05:52","slug":"zapraszamy-na-imprezy-13-08-2016r-do-rabki-zdroju","status":"publish","type":"post","link":"https:\/\/przyjaznadolinaraby.info\/2014-2020\/zapraszamy-na-imprezy-13-08-2016r-do-rabki-zdroju\/","title":{"rendered":"Zapraszamy na imprezy 13.08.2016r do Rabki-Zdroju."},"content":{"rendered":"<p>Stowarzyszenie Przyjazna Dolina Raby i Czarnej Orawy (jako wsp\u00f3\u0142organizator) zaprasza na <strong>\u015awi\u0119to Rabcza\u0144skiej Solanki<\/strong> i <strong>Festyn\u00a0z G\u00f3ralami.<\/strong> Imprezy odb\u0119d\u0105 si\u0119<strong> 13.08.2016r<\/strong>. w Rabce-Zdr\u00f3j. Wsp\u00f3ln\u0105 cz\u0119\u015bci\u0105 imprez\u00a0\u00a0b\u0119dzie koncert zespo\u0142u Baciary w Amfiteatrze, na kt\u00f3ry serdecznie zapraszamy.\u00a0Szczeg\u00f3\u0142y na plakacie.<\/p>\n<p><img decoding=\"async\" class=\"alignnone wp-image-398 size-full\" src=\"http:\/\/przyjaznadolinaraby.info\/2014-2020\/wp-content\/uploads\/2016\/08\/plakat-net_poprawki1.jpg\" alt=\"plakat net_poprawki(1)\" width=\"2819\" height=\"3969\" srcset=\"https:\/\/przyjaznadolinaraby.info\/2014-2020\/wp-content\/uploads\/2016\/08\/plakat-net_poprawki1.jpg 2819w, https:\/\/przyjaznadolinaraby.info\/2014-2020\/wp-content\/uploads\/2016\/08\/plakat-net_poprawki1-213x300.jpg 213w, https:\/\/przyjaznadolinaraby.info\/2014-2020\/wp-content\/uploads\/2016\/08\/plakat-net_poprawki1-727x1024.jpg 727w\" sizes=\"(max-width: 2819px) 100vw, 2819px\" \/><\/p>\n<p><img decoding=\"async\" class=\"alignnone wp-image-397 size-full\" src=\"http:\/\/przyjaznadolinaraby.info\/2014-2020\/wp-content\/uploads\/2016\/08\/plakat-mok-zwiazek-podhalan.png\" alt=\"plakat mok zwiazek podhalan\" width=\"1496\" height=\"2115\" srcset=\"https:\/\/przyjaznadolinaraby.info\/2014-2020\/wp-content\/uploads\/2016\/08\/plakat-mok-zwiazek-podhalan.png 1496w, https:\/\/przyjaznadolinaraby.info\/2014-2020\/wp-content\/uploads\/2016\/08\/plakat-mok-zwiazek-podhalan-212x300.png 212w, https:\/\/przyjaznadolinaraby.info\/2014-2020\/wp-content\/uploads\/2016\/08\/plakat-mok-zwiazek-podhalan-724x1024.png 724w\" sizes=\"(max-width: 1496px) 100vw, 1496px\" \/><\/p>\n<p>&nbsp;<\/p>\n","protected":false},"excerpt":{"rendered":"<p>Stowarzyszenie Przyjazna Dolina Raby i Czarnej Orawy (jako wsp\u00f3\u0142organizator) zaprasza na \u015awi\u0119to Rabcza\u0144skiej Solanki i Festyn\u00a0z G\u00f3ralami. Imprezy odb\u0119d\u0105 si\u0119 13.08.2016r. w Rabce-Zdr\u00f3j. Wsp\u00f3ln\u0105 cz\u0119\u015bci\u0105 imprez\u00a0\u00a0b\u0119dzie koncert zespo\u0142u Baciary w Amfiteatrze, na kt\u00f3ry serdecznie zapraszamy.\u00a0Szczeg\u00f3\u0142y na plakacie. &nbsp;<\/p>\n","protected":false},"author":6,"featured_media":411,"comment_status":"open","ping_status":"open","sticky":false,"template":"","format":"standard","meta":{"_monsterinsights_skip_tracking":false,"_monsterinsights_sitenote_active":false,"_monsterinsights_sitenote_note":"","_monsterinsights_sitenote_category":0,"footnotes":""},"categories":[3],"tags":[],"acf":[],"_links":{"self":[{"href":"https:\/\/przyjaznadolinaraby.info\/2014-2020\/wp-json\/wp\/v2\/posts\/390"}],"collection":[{"href":"https:\/\/przyjaznadolinaraby.info\/2014-2020\/wp-json\/wp\/v2\/posts"}],"about":[{"href":"https:\/\/przyjaznadolinaraby.info\/2014-2020\/wp-json\/wp\/v2\/types\/post"}],"author":[{"embeddable":true,"href":"https:\/\/przyjaznadolinaraby.info\/2014-2020\/wp-json\/wp\/v2\/users\/6"}],"replies":[{"embeddable":true,"href":"https:\/\/przyjaznadolinaraby.info\/2014-2020\/wp-json\/wp\/v2\/comments?post=390"}],"version-history":[{"count":0,"href":"https:\/\/przyjaznadolinaraby.info\/2014-2020\/wp-json\/wp\/v2\/posts\/390\/revisions"}],"wp:featuredmedia":[{"embeddable":true,"href":"https:\/\/przyjaznadolinaraby.info\/2014-2020\/wp-json\/wp\/v2\/media\/411"}],"wp:attachment":[{"href":"https:\/\/przyjaznadolinaraby.info\/2014-2020\/wp-json\/wp\/v2\/media?parent=390"}],"wp:term":[{"taxonomy":"category","embeddable":true,"href":"https:\/\/przyjaznadolinaraby.info\/2014-2020\/wp-json\/wp\/v2\/categories?post=390"},{"taxonomy":"post_tag","embeddable":true,"href":"https:\/\/przyjaznadolinaraby.info\/2014-2020\/wp-json\/wp\/v2\/tags?post=390"}],"curies":[{"name":"wp","href":"https:\/\/api.w.org\/{rel}","templated":true}]}}