{"id":4284,"date":"2020-04-14T12:06:50","date_gmt":"2020-04-14T10:06:50","guid":{"rendered":"http:\/\/przyjaznadolinaraby.info\/2014-2020\/?p=4284"},"modified":"2020-04-14T12:09:38","modified_gmt":"2020-04-14T10:09:38","slug":"wazne-informacje-dla-beneficjentow","status":"publish","type":"post","link":"https:\/\/przyjaznadolinaraby.info\/2014-2020\/wazne-informacje-dla-beneficjentow\/","title":{"rendered":"Wa\u017cne- informacje dla beneficjent\u00f3w"},"content":{"rendered":"\n<p>Szanowni Pa\u0144stwo,<\/p>\n\n\n\n<p>MRiRW przygotowa\u0142o zmian\u0119 do ustawy z dnia 20 lutego 2015 r. o wspieraniu rozwoju obszar\u00f3w wiejskich z udzia\u0142em \u015brodk\u00f3w Europejskiego Funduszu Rolnego na rzecz Rozwoju Obszar\u00f3w Wiejskich w ramach Programu Rozwoju Obszar\u00f3w Wiejskich na lata 2014\u20132020 (Dz. U. z 2020 r. poz. 217 i 300), maj\u0105c\u0105 r\u00f3wnie\u017c zastosowanie do beneficjent\u00f3w poddzia\u0142ania \u201eWsparcie na wdra\u017canie operacji w ramach strategii rozwoju lokalnego kierowanego przez spo\u0142eczno\u015b\u0107\u201d obj\u0119tego PROW na lata 2014-2020. Zmiana jest cz\u0119\u015bci\u0105 rozwi\u0105za\u0144 legislacyjnych w ramach tarczy antykryzysowej 2.0. Przedmiotowy projekt zmian przepis\u00f3w zosta\u0142 w dniu dzisiejszym uchwalony przez Sejm RP i przekazany pod obrady Senatu RP. <\/p>\n\n\n\n<p class=\"has-text-color has-vivid-red-color\"><strong>Posiedzenie Senatu RP celem rozpoznania tych przepis\u00f3w zaplanowane zosta\u0142o na 15 kwietna br.<\/strong><\/p>\n\n\n\n<p style=\"color:#0a00d1\" class=\"has-text-color\"><strong>Co najwa\u017cniejsze dla przedsi\u0119biorc\u00f3w,<\/strong> beneficjent\u00f3w poddzia\u0142ania 19.2, maj\u0105c na uwadze powy\u017csze, w odniesieniu do przedstawionych przez Pa\u0144stwa pyta\u0144 dotycz\u0105cych problem\u00f3w z wype\u0142nianiem zobowi\u0105za\u0144 umownych oraz mo\u017cliwo\u015bci skorzystania przez przedsi\u0119biorc\u00f3w z rozwi\u0105za\u0144 przewidzianych w tzw. \u201eI Tarczy Antykryzysowej\u201d, do momentu wej\u015bcia w \u017cycie przepis\u00f3w zmieniaj\u0105cych ustaw\u0119 o wspieraniu rozwoju obszar\u00f3w wiejskich w ramach tzw. \u201eII Tarczy Antykryzysowej\u201d, zastosowanie maj\u0105 przepisy odnosz\u0105ce si\u0119 do si\u0142y wy\u017cszej. Ponadto, w <strong>odniesieniu do rozwi\u0105za\u0144 przewidzianych w &#8222;I Tarczy Antykryzysowe<\/strong>j&#8221; beneficjenci poddzia\u0142ania 19.2, <strong>po wej\u015bciu w \u017cycie &#8222;II Tarczy Antykryzysowej&#8221; b\u0119d\u0105 mogli w pe\u0142ni skorzysta\u0107 m.in. z\u00a0 zawieszenia dzia\u0142alno\u015bci na okres epidemii COVID-19.<\/strong> Je\u015bli chodzi o tzw. <strong>wakacje sk\u0142adkowe, <\/strong>kt\u00f3re na okres epidemii COVID-19 u<strong>prawniaj\u0105 do nieop\u0142acania sk\u0142adek na ubezpieczenia spo\u0142eczn<\/strong>e z tytu\u0142u wykonywania dzia\u0142alno\u015bci gospodarczej, <strong>to z uprawnienia tego przedsi\u0119biorcy b\u0119d\u0105cy beneficjentami poddzia\u0142ania 19.2 mog\u0105 korzysta\u0107 ju\u017c teraz,<\/strong> niezale\u017cnie od terminu wej\u015bcia w \u017cycie\u00a0 \u201eII Tarczy Antykryzysowej\u201d.<\/p>\n\n\n\n<p>Projektowane zmiany zak\u0142adaj\u0105:<\/p>\n\n\n\n<p>1)&nbsp;&nbsp;&nbsp;&nbsp;&nbsp; zniesienie bezwzgl\u0119dnego zakazu zwi\u0119kszenia kwoty przyznanej pomocy oraz zmiany celu operacji; zmiany te b\u0119d\u0105 mo\u017cliwe na warunkach okre\u015blonych w umowie o przyznaniu pomocy;<\/p>\n\n\n\n<p>2)&nbsp;&nbsp;&nbsp;&nbsp;&nbsp; zniesienie obowi\u0105zku sk\u0142adania weksla in blanco przez jednostki sektora finans\u00f3w publicznych, a w przypadku pozosta\u0142ych beneficjent\u00f3w &#8211; przesuni\u0119cie w czasie obowi\u0105zku z\u0142o\u017cenia weksla in blanco na etap z\u0142o\u017cenia wniosku o p\u0142atno\u015b\u0107 i uzale\u017cnienie wyp\u0142aty pomocy od z\u0142o\u017cenia tego zabezpieczenia;<\/p>\n\n\n\n<p>3)&nbsp;&nbsp;&nbsp;&nbsp;&nbsp; umo\u017cliwienie zawarcia umowy o przyznaniu pomocy nie tylko w siedzibie podmiotu przyznaj\u0105cego pomoc, ale tak\u017ce w formie korespondencyjnej;<\/p>\n\n\n\n<p>4)&nbsp;&nbsp;&nbsp;&nbsp;&nbsp; umo\u017cliwienie sk\u0142adania wniosk\u00f3w oraz innych dokument\u00f3w do podmiot\u00f3w wdra\u017caj\u0105cych w formie dokumentu elektronicznego na elektroniczn\u0105 skrzynk\u0119 podawcz\u0105; taka mo\u017cliwo\u015b\u0107 dotyczy\u0107 b\u0119dzie wszystkich dzia\u0142a\u0144 nie obj\u0119tych wsp\u00f3lnym wnioskiem o przyznanie p\u0142atno\u015bci obszarowych; w przypadku wniosk\u00f3w sk\u0142adanych do LGD b\u0119dzie mo\u017cliwe wykorzystanie skrzynki podawczej podmiot\u00f3w wdra\u017caj\u0105cych (sk\u0142adanie wniosk\u00f3w do LGD za po\u015brednictwem podmiotu wdra\u017caj\u0105cego \u2013 po uzgodnieniu takiej mo\u017cliwo\u015bci przez LGD z w\u0142a\u015bciwym samorz\u0105dem wojew\u00f3dztwa);<\/p>\n\n\n\n<p>5)&nbsp;&nbsp;&nbsp;&nbsp;&nbsp; zniesienie obowi\u0105zku zachowania konkurencyjnego trybu wyboru wykonawc\u00f3w;<\/p>\n\n\n\n<p>6)&nbsp;&nbsp;&nbsp;&nbsp;&nbsp; umo\u017cliwienie wyd\u0142u\u017cania termin\u00f3w nabor\u00f3w w zwi\u0105zku z COVID-19 mimo ogranicze\u0144 w rozporz\u0105dzeniach \u201edzia\u0142aniowych\u201d;<\/p>\n\n\n\n<p>7)&nbsp;&nbsp;&nbsp;&nbsp;&nbsp; przywracanie termin\u00f3w wykonania okre\u015blonych czynno\u015bci w toku post\u0119powania w sprawie o przyznanie pomocy przez wnioskodawc\u00f3w, gdy terminy przekroczone zosta\u0142y z przyczyn zwi\u0105zanych z COVID-19 (przy czym rozporz\u0105dzenie dla dzia\u0142ania 19.2 ju\u017c obecnie przewiduje tak\u0105 mo\u017cliwo\u015b\u0107 \u2013 niezale\u017cnie od COVID-19);<\/p>\n\n\n\n<p>8)&nbsp;&nbsp;&nbsp;&nbsp;&nbsp; wzywanie do uzupe\u0142nie\u0144 wnioskodawc\u00f3w, kt\u00f3rzy nie spe\u0142nili warunk\u00f3w przyznania pomocy z przyczyn zwi\u0105zanych z COVID-19, tak\u017ce tych, kt\u00f3re zgodnie z przepisami rozporz\u0105dze\u0144 \u201edzia\u0142aniowych\u201d s\u0105 powodem pozostawienia wniosk\u00f3w bez rozpatrzenia;<\/p>\n\n\n\n<p>9)&nbsp;&nbsp;&nbsp;&nbsp;&nbsp; mo\u017cliwo\u015b\u0107 uzgodnienia z podmiotem wdra\u017caj\u0105cym innego terminu wykonania zobowi\u0105za\u0144 okre\u015blonych w umowie o przyznaniu pomocy z przyczyn zwi\u0105zanych z COVID-19.<\/p>\n\n\n\n<p>Nale\u017cy mie\u0107 r\u00f3wnie\u017c na uwadze, i\u017c powy\u017csze rozwi\u0105zania b\u0119d\u0105 stosowane z zachowaniem warunk\u00f3w wynikaj\u0105cych z przepis\u00f3w UE.<\/p>\n\n\n\n<p>W zwi\u0105zku z proponowanymi wy\u017cej rozwi\u0105zaniami (pkt 7\u20139), do termin\u00f3w dokonania okre\u015blonych czynno\u015bci w ramach PROW 2014\u20132020, do kt\u00f3rych zastosowanie b\u0119d\u0105 mia\u0142y powy\u017csze propozycje, nie b\u0119d\u0105 stosowane przepisy ustawy z dnia 2 marca 2020 r. o szczeg\u00f3lnych rozwi\u0105zaniach zwi\u0105zanych z zapobieganiem, przeciwdzia\u0142aniem i zwalczaniem COVID-19, innych chor\u00f3b zaka\u017anych oraz wywo\u0142anych nimi sytuacji kryzysowych (Dz. U. poz. 374 i 568) dotycz\u0105ce nierozpoczynania i zawieszania biegu termin\u00f3w. Rozwi\u0105zania przewidziane w ww. ustawie z 2 marca 2020 po zmianach wprowadzonych 31 marca 2020 r. nie rozwi\u0105zuj\u0105 wszystkich problem\u00f3w wnioskodawc\u00f3w i beneficjent\u00f3w PROW 2014-2020 w zwi\u0105zku z COVID-19.<\/p>\n\n\n\n<p>Wypracowane zmiany ustawy o wspieraniu rozwoju obszar\u00f3w wiejskich, wymienione powy\u017cej w pkt 7-9, maj\u0105 przede wszystkim na celu kompleksowe podej\u015bcie do obecnych problem\u00f3w, z kt\u00f3rymi zmierzaj\u0105 si\u0119 beneficjenci poszczeg\u00f3lnych dzia\u0142a\u0144 PROW 2014-2020, w tym poddzia\u0142ania 19.2 i dopasowanie rozwi\u0105za\u0144 do specyfiki PROW 2014\u20132020, a jednocze\u015bnie umo\u017cliwienie dalszego wdra\u017cania Programu w zakresie, w jakim to b\u0119dzie mo\u017cliwe w okresie obowi\u0105zywania stanu zagro\u017cenia epidemicznego lub stanu epidemii. Powy\u017csze rozwi\u0105zania przedstawione w pkt 7\u20139 obejm\u0105 tak\u017ce te przypadki przekroczenia termin\u00f3w, niespe\u0142nienia warunk\u00f3w, niewywi\u0105zywania si\u0119 z realizacji zobowi\u0105za\u0144, kt\u00f3re wyst\u0105pi\u0142y przed wej\u015bciem w \u017cycie projektowanych rozwi\u0105za\u0144 &#8211; od pocz\u0105tku wprowadzenia stanu zagro\u017cenia epidemicznego.<\/p>\n\n\n\n<p>Ponadto, maj\u0105c na uwadze specyfik\u0119 poddzia\u0142ania 19.2 oraz dynamicznie zmieniaj\u0105c\u0105 si\u0119 sytuacj\u0119 w kraju, MRiRW, w \u015blad za projektowanymi zmianami zaproponowanymi w ww. ustawie, pracuje r\u00f3wnolegle nad wypracowaniem szczeg\u00f3\u0142owych rozwi\u0105za\u0144, kt\u00f3re b\u0119d\u0105 mia\u0142y zastosowanie przede wszystkim w odniesieniu do dalszego wype\u0142niania zobowi\u0105za\u0144 umownych, w tym w szczeg\u00f3lno\u015bci w okresie zwi\u0105zania celem operacji, przez beneficjent\u00f3w dotkni\u0119tych skutkami COVID-19 po ust\u0105pieniu epidemii. Uprzejmie informujemy, i\u017c przedmiotowe rozwi\u0105zania zostan\u0105 do Pa\u0144stwa przekazane w formie wytycznych niezw\u0142ocznie po ich opracowaniu.<\/p>\n","protected":false},"excerpt":{"rendered":"<p>Szanowni Pa\u0144stwo, MRiRW przygotowa\u0142o zmian\u0119 do ustawy z dnia 20 lutego 2015 r. o wspieraniu rozwoju obszar\u00f3w wiejskich z udzia\u0142em \u015brodk\u00f3w Europejskiego Funduszu Rolnego na rzecz Rozwoju Obszar\u00f3w Wiejskich w ramach Programu Rozwoju Obszar\u00f3w Wiejskich na lata 2014\u20132020 (Dz. U. z 2020 r. poz. 217 i 300), maj\u0105c\u0105 r\u00f3wnie\u017c zastosowanie do beneficjent\u00f3w poddzia\u0142ania \u201eWsparcie na <a href=\"https:\/\/przyjaznadolinaraby.info\/2014-2020\/wazne-informacje-dla-beneficjentow\/\" class=\"more-link\">&#8230;<span class=\"screen-reader-text\">  Wa\u017cne- informacje dla beneficjent\u00f3w<\/span><\/a><\/p>\n","protected":false},"author":6,"featured_media":0,"comment_status":"open","ping_status":"open","sticky":false,"template":"","format":"standard","meta":{"_monsterinsights_skip_tracking":false,"_monsterinsights_sitenote_active":false,"_monsterinsights_sitenote_note":"","_monsterinsights_sitenote_category":0,"footnotes":""},"categories":[3,1],"tags":[],"acf":[],"_links":{"self":[{"href":"https:\/\/przyjaznadolinaraby.info\/2014-2020\/wp-json\/wp\/v2\/posts\/4284"}],"collection":[{"href":"https:\/\/przyjaznadolinaraby.info\/2014-2020\/wp-json\/wp\/v2\/posts"}],"about":[{"href":"https:\/\/przyjaznadolinaraby.info\/2014-2020\/wp-json\/wp\/v2\/types\/post"}],"author":[{"embeddable":true,"href":"https:\/\/przyjaznadolinaraby.info\/2014-2020\/wp-json\/wp\/v2\/users\/6"}],"replies":[{"embeddable":true,"href":"https:\/\/przyjaznadolinaraby.info\/2014-2020\/wp-json\/wp\/v2\/comments?post=4284"}],"version-history":[{"count":0,"href":"https:\/\/przyjaznadolinaraby.info\/2014-2020\/wp-json\/wp\/v2\/posts\/4284\/revisions"}],"wp:attachment":[{"href":"https:\/\/przyjaznadolinaraby.info\/2014-2020\/wp-json\/wp\/v2\/media?parent=4284"}],"wp:term":[{"taxonomy":"category","embeddable":true,"href":"https:\/\/przyjaznadolinaraby.info\/2014-2020\/wp-json\/wp\/v2\/categories?post=4284"},{"taxonomy":"post_tag","embeddable":true,"href":"https:\/\/przyjaznadolinaraby.info\/2014-2020\/wp-json\/wp\/v2\/tags?post=4284"}],"curies":[{"name":"wp","href":"https:\/\/api.w.org\/{rel}","templated":true}]}}