{"id":434,"date":"2016-08-12T10:56:37","date_gmt":"2016-08-12T08:56:37","guid":{"rendered":"http:\/\/przyjaznadolinaraby.info\/2014-2020\/?p=434"},"modified":"2016-08-12T11:01:48","modified_gmt":"2016-08-12T09:01:48","slug":"zapraszamy-na-festyn-dozynkowy-do-podsarnia-14-08-2016r","status":"publish","type":"post","link":"https:\/\/przyjaznadolinaraby.info\/2014-2020\/zapraszamy-na-festyn-dozynkowy-do-podsarnia-14-08-2016r\/","title":{"rendered":"Zapraszamy na Festyn Do\u017cynkowy do Podsarnia 14.08.2016r."},"content":{"rendered":"<p>Stowarzyszenie Przyjazna Dolina Raby i Czarnej Orawy (jako wsp\u00f3\u0142organizator) zaprasza na Festyn Do\u017cynkowy do Podsarnia 14.08.2016r\u00a0. Impreza odb\u0119dzie si\u0119 14.08.2016 r. godz. 14:00.\u00a0\u00a0Szczeg\u00f3\u0142y na plakacie.<\/p>\n<p><img decoding=\"async\" class=\"alignnone wp-image-435 size-large\" src=\"http:\/\/przyjaznadolinaraby.info\/2014-2020\/wp-content\/uploads\/2016\/08\/Festyn-Do\u017cynki-Podsarnie-721x1024.jpg\" alt=\"Festyn Do\u017cynki Podsarnie\" width=\"721\" height=\"1024\" srcset=\"https:\/\/przyjaznadolinaraby.info\/2014-2020\/wp-content\/uploads\/2016\/08\/Festyn-Do\u017cynki-Podsarnie-721x1024.jpg 721w, https:\/\/przyjaznadolinaraby.info\/2014-2020\/wp-content\/uploads\/2016\/08\/Festyn-Do\u017cynki-Podsarnie-211x300.jpg 211w\" sizes=\"(max-width: 721px) 100vw, 721px\" \/><\/p>\n<p>&nbsp;<\/p>\n","protected":false},"excerpt":{"rendered":"<p>Stowarzyszenie Przyjazna Dolina Raby i Czarnej Orawy (jako wsp\u00f3\u0142organizator) zaprasza na Festyn Do\u017cynkowy do Podsarnia 14.08.2016r\u00a0. Impreza odb\u0119dzie si\u0119 14.08.2016 r. godz. 14:00.\u00a0\u00a0Szczeg\u00f3\u0142y na plakacie. &nbsp;<\/p>\n","protected":false},"author":6,"featured_media":439,"comment_status":"open","ping_status":"open","sticky":false,"template":"","format":"standard","meta":{"_monsterinsights_skip_tracking":false,"_monsterinsights_sitenote_active":false,"_monsterinsights_sitenote_note":"","_monsterinsights_sitenote_category":0,"footnotes":""},"categories":[3,1],"tags":[],"acf":[],"_links":{"self":[{"href":"https:\/\/przyjaznadolinaraby.info\/2014-2020\/wp-json\/wp\/v2\/posts\/434"}],"collection":[{"href":"https:\/\/przyjaznadolinaraby.info\/2014-2020\/wp-json\/wp\/v2\/posts"}],"about":[{"href":"https:\/\/przyjaznadolinaraby.info\/2014-2020\/wp-json\/wp\/v2\/types\/post"}],"author":[{"embeddable":true,"href":"https:\/\/przyjaznadolinaraby.info\/2014-2020\/wp-json\/wp\/v2\/users\/6"}],"replies":[{"embeddable":true,"href":"https:\/\/przyjaznadolinaraby.info\/2014-2020\/wp-json\/wp\/v2\/comments?post=434"}],"version-history":[{"count":0,"href":"https:\/\/przyjaznadolinaraby.info\/2014-2020\/wp-json\/wp\/v2\/posts\/434\/revisions"}],"wp:featuredmedia":[{"embeddable":true,"href":"https:\/\/przyjaznadolinaraby.info\/2014-2020\/wp-json\/wp\/v2\/media\/439"}],"wp:attachment":[{"href":"https:\/\/przyjaznadolinaraby.info\/2014-2020\/wp-json\/wp\/v2\/media?parent=434"}],"wp:term":[{"taxonomy":"category","embeddable":true,"href":"https:\/\/przyjaznadolinaraby.info\/2014-2020\/wp-json\/wp\/v2\/categories?post=434"},{"taxonomy":"post_tag","embeddable":true,"href":"https:\/\/przyjaznadolinaraby.info\/2014-2020\/wp-json\/wp\/v2\/tags?post=434"}],"curies":[{"name":"wp","href":"https:\/\/api.w.org\/{rel}","templated":true}]}}