{"id":4347,"date":"2020-04-22T10:00:48","date_gmt":"2020-04-22T08:00:48","guid":{"rendered":"http:\/\/przyjaznadolinaraby.info\/2014-2020\/?p=4347"},"modified":"2020-04-22T09:59:52","modified_gmt":"2020-04-22T07:59:52","slug":"zaproszenie-na-posiedzenie-rady-stowarzyszenia-przyjazna-dolina-raby-i-czarnej-orawy-29-04-2020-r-sroda-o-godz-00-ocena-naboru-8-2020-9-202010-202011-2020","status":"publish","type":"post","link":"https:\/\/przyjaznadolinaraby.info\/2014-2020\/zaproszenie-na-posiedzenie-rady-stowarzyszenia-przyjazna-dolina-raby-i-czarnej-orawy-29-04-2020-r-sroda-o-godz-00-ocena-naboru-8-2020-9-202010-202011-2020\/","title":{"rendered":"Zaproszenie na Posiedzenie Rady Stowarzyszenia Przyjazna Dolina Raby i Czarnej Orawy 29.04.2020 r. \/\u015broda\/ o godz. 9:00 &#8211; na Sali Obrad Urz\u0119du Gminy Raba Wy\u017cna. Ocena naboru 2\/2020\/G, 8\/2020, 9\/2020,10\/2020,11\/2020 oraz rozpatrzenie protestu."},"content":{"rendered":"\n<p>Przewodnicz\u0105cy Rady Stowarzyszenia Przyjazna Dolina Raby i Czarnej Orawy zgodnie z \u00a7 19 ust. 1\u00a0 Regulaminu Rady, zaprasza cz\u0142onk\u00f3w Rady \u00a0na posiedzenie, kt\u00f3re odb\u0119dzie si\u0119 dnia <strong>29.04.2020 r. \/\u015broda\/ o godz. 9:00 <\/strong><br><strong>na Sali Obrad Urz\u0119du Gminy Raba Wy\u017cna.<\/strong><\/p>\n\n\n\n<p>&nbsp;&nbsp;&nbsp;&nbsp;&nbsp;&nbsp;&nbsp;&nbsp;&nbsp;&nbsp;&nbsp;&nbsp;&nbsp;&nbsp;&nbsp;&nbsp;&nbsp;&nbsp;&nbsp;&nbsp;&nbsp;&nbsp;&nbsp;&nbsp;&nbsp;&nbsp;&nbsp;&nbsp;&nbsp;&nbsp;&nbsp;&nbsp;&nbsp;&nbsp;&nbsp;&nbsp;&nbsp;&nbsp;&nbsp;&nbsp;&nbsp;&nbsp;&nbsp;&nbsp;&nbsp;&nbsp;&nbsp;&nbsp;&nbsp;&nbsp;&nbsp;&nbsp;&nbsp;&nbsp;&nbsp;&nbsp;&nbsp;&nbsp;&nbsp;&nbsp;&nbsp;&nbsp;&nbsp;&nbsp;&nbsp;&nbsp;&nbsp;&nbsp;&nbsp;&nbsp;&nbsp;&nbsp;\n<br>\n<strong>Proponowany program Posiedzenia Rady&nbsp;<\/strong><\/p>\n\n\n\n<ol><li>Otwarcie\nobrad i powitanie zebranych cz\u0142onk\u00f3w Rady, stwierdzenie prawomocno\u015bci obrad.<\/li><li>Przedstawienie\nporz\u0105dku i przyj\u0119cie porz\u0105dku obrad.<\/li><li>Podpisanie\ndeklaracji&nbsp; bezstronno\u015bci i poufno\u015bci\ndotycz\u0105cych naboru nr 2\/2020\/G<\/li><li>Ocena\nzgodno\u015bci z LSR z\u0142o\u017conych wniosk\u00f3w w ramach nabor\u00f3w nr&nbsp; 2\/2020\/G<\/li><li>Ocena\nmerytoryczna pod k\u0105tem spe\u0142nienia kryteri\u00f3w wyboru grantobiorc\u00f3w, wyb\u00f3r zada\u0144 i\nustalanie kwot wsparcia w ramach projekt\u00f3w grantowych obj\u0119tych naborami nr\n2\/2020\/G<\/li><li>Sporz\u0105dzenie\nlist grantobiorc\u00f3w w ramach nabor\u00f3w nr 2\/2020\/G<\/li><li>Podj\u0119cie\nuchwa\u0142 o wybraniu lub niewybraniu zadania do finansowania oraz ustaleniu kwoty\nwsparcia.<\/li><li>Podpisanie\ndeklaracji&nbsp; bezstronno\u015bci i poufno\u015bci dotycz\u0105cych naboru nr 8\/2020.<\/li><li>Ocena\nzgodno\u015bci z LSR z\u0142o\u017conych wniosk\u00f3w w ramach naboru nr 8\/2020.<\/li><li>Ocena\nwed\u0142ug lokalnych kryteri\u00f3w wyboru operacji wniosk\u00f3w z\u0142o\u017conych w ramach naboru\nnr 8\/2020. <\/li><li>Ustalenie\nwysoko\u015bci kwot wsparcia.<\/li><li>Sporz\u0105dzenie\nlist operacji.<\/li><li>Podj\u0119cie\nuchwa\u0142 o wybraniu lub niewybraniu operacji do finansowania oraz ustaleniu kwoty\nwsparcia.<\/li><li>Podpisanie\ndeklaracji&nbsp; bezstronno\u015bci i poufno\u015bci dotycz\u0105cych naboru nr 9\/2020.<\/li><li>Ocena\nzgodno\u015bci z LSR z\u0142o\u017conych wniosk\u00f3w w ramach naboru nr 9\/2020.<\/li><li>Ocena\nwed\u0142ug lokalnych kryteri\u00f3w wyboru operacji wniosk\u00f3w z\u0142o\u017conych w ramach naboru\nnr 9\/2020. <\/li><li>Ustalenie\nwysoko\u015bci kwot wsparcia.<\/li><li>Sporz\u0105dzenie\nlist operacji.<\/li><li>Podj\u0119cie\nuchwa\u0142 o wybraniu lub niewybraniu operacji do finansowania oraz ustaleniu kwoty\nwsparcia.<\/li><li>Podpisanie\ndeklaracji&nbsp; bezstronno\u015bci i poufno\u015bci dotycz\u0105cych naboru nr 10\/2020.<\/li><li>Ocena\nzgodno\u015bci z LSR z\u0142o\u017conych wniosk\u00f3w w ramach naboru nr 10\/2020.<\/li><li>Ocena\nwed\u0142ug lokalnych kryteri\u00f3w wyboru operacji wniosk\u00f3w z\u0142o\u017conych w ramach naboru\nnr 10\/2020. <\/li><li>Ustalenie\nwysoko\u015bci kwot wsparcia.<\/li><li>Sporz\u0105dzenie\nlist operacji.<\/li><li>Podj\u0119cie\nuchwa\u0142 o wybraniu lub niewybraniu operacji do finansowania oraz ustaleniu kwoty\nwsparcia.<\/li><li>Podpisanie\ndeklaracji&nbsp; bezstronno\u015bci i poufno\u015bci dotycz\u0105cych naboru nr 11\/2020.<\/li><li>Ocena\nzgodno\u015bci z LSR z\u0142o\u017conych wniosk\u00f3w w ramach naboru nr 11\/2020.<\/li><li>Ocena\nwed\u0142ug lokalnych kryteri\u00f3w wyboru operacji wniosk\u00f3w z\u0142o\u017conych w ramach naboru\nnr 11\/2020. <\/li><li>Ustalenie\nwysoko\u015bci kwot wsparcia.<\/li><li>Sporz\u0105dzenie\nlist operacji.<\/li><li>Podj\u0119cie\nuchwa\u0142 o wybraniu lub niewybraniu operacji do finansowania oraz ustaleniu kwoty\nwsparcia.<\/li><li>Om\u00f3wienie\ni zweryfikowanie protestu, przeprowadzenie ponownej oceny operacji lub ponowne\nrozpatrzenie sprawy w wyniku uwzgl\u0119dnienia protestu.<\/li><li>Wolne\nwnioski i zapytania.<\/li><li>Zako\u0144czenie\nposiedzenia.<\/li><\/ol>\n\n\n\n<p>Zast\u0119pca Przewodnicz\u0105cego Rady<\/p>\n\n\n\n<p>Stowarzyszenia Przyjazna Dolina Raby i\nCzarnej Orawy <\/p>\n\n\n\n<p><em>Ma\u0142gorzata Kulawiak<\/em><em><\/em><\/p>\n","protected":false},"excerpt":{"rendered":"<p>Przewodnicz\u0105cy Rady Stowarzyszenia Przyjazna Dolina Raby i Czarnej Orawy zgodnie z \u00a7 19 ust. 1\u00a0 Regulaminu Rady, zaprasza cz\u0142onk\u00f3w Rady \u00a0na posiedzenie, kt\u00f3re odb\u0119dzie si\u0119 dnia 29.04.2020 r. \/\u015broda\/ o godz. 9:00 na Sali Obrad Urz\u0119du Gminy Raba Wy\u017cna. &nbsp;&nbsp;&nbsp;&nbsp;&nbsp;&nbsp;&nbsp;&nbsp;&nbsp;&nbsp;&nbsp;&nbsp;&nbsp;&nbsp;&nbsp;&nbsp;&nbsp;&nbsp;&nbsp;&nbsp;&nbsp;&nbsp;&nbsp;&nbsp;&nbsp;&nbsp;&nbsp;&nbsp;&nbsp;&nbsp;&nbsp;&nbsp;&nbsp;&nbsp;&nbsp;&nbsp;&nbsp;&nbsp;&nbsp;&nbsp;&nbsp;&nbsp;&nbsp;&nbsp;&nbsp;&nbsp;&nbsp;&nbsp;&nbsp;&nbsp;&nbsp;&nbsp;&nbsp;&nbsp;&nbsp;&nbsp;&nbsp;&nbsp;&nbsp;&nbsp;&nbsp;&nbsp;&nbsp;&nbsp;&nbsp;&nbsp;&nbsp;&nbsp;&nbsp;&nbsp;&nbsp;&nbsp; Proponowany program Posiedzenia Rady&nbsp; Otwarcie obrad i powitanie zebranych cz\u0142onk\u00f3w Rady, stwierdzenie prawomocno\u015bci obrad. Przedstawienie <a href=\"https:\/\/przyjaznadolinaraby.info\/2014-2020\/zaproszenie-na-posiedzenie-rady-stowarzyszenia-przyjazna-dolina-raby-i-czarnej-orawy-29-04-2020-r-sroda-o-godz-00-ocena-naboru-8-2020-9-202010-202011-2020\/\" class=\"more-link\">&#8230;<span class=\"screen-reader-text\">  Zaproszenie na Posiedzenie Rady Stowarzyszenia Przyjazna Dolina Raby i Czarnej Orawy 29.04.2020 r. \/\u015broda\/ o godz. 9:00 &#8211; na Sali Obrad Urz\u0119du Gminy Raba Wy\u017cna. Ocena naboru 2\/2020\/G, 8\/2020, 9\/2020,10\/2020,11\/2020 oraz rozpatrzenie protestu.<\/span><\/a><\/p>\n","protected":false},"author":6,"featured_media":0,"comment_status":"open","ping_status":"open","sticky":false,"template":"","format":"standard","meta":{"_monsterinsights_skip_tracking":false,"_monsterinsights_sitenote_active":false,"_monsterinsights_sitenote_note":"","_monsterinsights_sitenote_category":0,"footnotes":""},"categories":[3,1],"tags":[],"acf":[],"_links":{"self":[{"href":"https:\/\/przyjaznadolinaraby.info\/2014-2020\/wp-json\/wp\/v2\/posts\/4347"}],"collection":[{"href":"https:\/\/przyjaznadolinaraby.info\/2014-2020\/wp-json\/wp\/v2\/posts"}],"about":[{"href":"https:\/\/przyjaznadolinaraby.info\/2014-2020\/wp-json\/wp\/v2\/types\/post"}],"author":[{"embeddable":true,"href":"https:\/\/przyjaznadolinaraby.info\/2014-2020\/wp-json\/wp\/v2\/users\/6"}],"replies":[{"embeddable":true,"href":"https:\/\/przyjaznadolinaraby.info\/2014-2020\/wp-json\/wp\/v2\/comments?post=4347"}],"version-history":[{"count":0,"href":"https:\/\/przyjaznadolinaraby.info\/2014-2020\/wp-json\/wp\/v2\/posts\/4347\/revisions"}],"wp:attachment":[{"href":"https:\/\/przyjaznadolinaraby.info\/2014-2020\/wp-json\/wp\/v2\/media?parent=4347"}],"wp:term":[{"taxonomy":"category","embeddable":true,"href":"https:\/\/przyjaznadolinaraby.info\/2014-2020\/wp-json\/wp\/v2\/categories?post=4347"},{"taxonomy":"post_tag","embeddable":true,"href":"https:\/\/przyjaznadolinaraby.info\/2014-2020\/wp-json\/wp\/v2\/tags?post=4347"}],"curies":[{"name":"wp","href":"https:\/\/api.w.org\/{rel}","templated":true}]}}