{"id":4711,"date":"2020-06-08T10:18:18","date_gmt":"2020-06-08T08:18:18","guid":{"rendered":"http:\/\/przyjaznadolinaraby.info\/2014-2020\/?p=4711"},"modified":"2020-06-08T10:36:42","modified_gmt":"2020-06-08T08:36:42","slug":"zaproszenie-na-posiedzenie-rady-16-06-2020-r-wtorek-o-godz-1400-na-sali-obrad-urzedu-gminy-raba-wyzna","status":"publish","type":"post","link":"https:\/\/przyjaznadolinaraby.info\/2014-2020\/zaproszenie-na-posiedzenie-rady-16-06-2020-r-wtorek-o-godz-1400-na-sali-obrad-urzedu-gminy-raba-wyzna\/","title":{"rendered":"Zaproszenie na Posiedzenie Rady- 16.06.2020 r. \/wtorek\/ o godz. 14:00 na Sali obrad Urz\u0119du Gminy Raba Wy\u017cna"},"content":{"rendered":"\n<p>P.O. Przewodnicz\u0105cego Rady Stowarzyszenia Przyjazna Dolina Raby i Czarnej Orawy zgodnie z \u00a7 22 ust. 1&nbsp; Regulaminu Rady, zaprasza cz\u0142onk\u00f3w Rady &nbsp;na posiedzenie, kt\u00f3re odb\u0119dzie si\u0119 dnia <strong>16.06.2020 r. \/wtorek\/ o godz. 14:00 na Sali Obrad Urz\u0119du Gminy w Rabie Wy\u017cnej. <\/strong>&nbsp;<\/p>\n\n\n\n<p>Proponowany program Posiedzenia Rady:<\/p>\n\n\n\n<p>1.Otwarcie obrad i powitanie zebranych cz\u0142onk\u00f3w Rady, stwierdzenie prawomocno\u015bci obrad.<br>2.Przedstawienie porz\u0105dku i przyj\u0119cie porz\u0105dku obrad.<br>3.Podpisanie deklaracji&nbsp; bezstronno\u015bci i poufno\u015bci dotycz\u0105cych operacji w\u0142asnej.<br>4.Ocena i wyb\u00f3r wniosku o przyznanie pomocy na operacje w\u0142asn\u0105 nr 1\/2020\/OW\/1.<br>5.Om\u00f3wienie i zweryfikowanie protestu, przeprowadzenie ponownej oceny operacji lub ponowne rozpatrzenie sprawy w wyniku uwzgl\u0119dnienia protestu.<br>6. Wolne wnioski i zapytania.<br>7.Zako\u0144czenie posiedzenia.<br><\/p>\n\n\n\n<p><em>Pe\u0142ni\u0105ca obowi\u0105zki&nbsp; Przewodnicz\u0105cego Rady Stowarzyszenia Przyjazna Dolina Raby i Czarnej Orawy <\/em><\/p>\n\n\n\n<p><em>Bernadeta Ko\u0142odziej<\/em><br><\/p>\n\n\n\n<p><br><\/p>\n","protected":false},"excerpt":{"rendered":"<p>P.O. Przewodnicz\u0105cego Rady Stowarzyszenia Przyjazna Dolina Raby i Czarnej Orawy zgodnie z \u00a7 22 ust. 1&nbsp; Regulaminu Rady, zaprasza cz\u0142onk\u00f3w Rady &nbsp;na posiedzenie, kt\u00f3re odb\u0119dzie si\u0119 dnia 16.06.2020 r. \/wtorek\/ o godz. 14:00 na Sali Obrad Urz\u0119du Gminy w Rabie Wy\u017cnej. &nbsp; Proponowany program Posiedzenia Rady: 1.Otwarcie obrad i powitanie zebranych cz\u0142onk\u00f3w Rady, stwierdzenie prawomocno\u015bci <a href=\"https:\/\/przyjaznadolinaraby.info\/2014-2020\/zaproszenie-na-posiedzenie-rady-16-06-2020-r-wtorek-o-godz-1400-na-sali-obrad-urzedu-gminy-raba-wyzna\/\" class=\"more-link\">&#8230;<span class=\"screen-reader-text\">  Zaproszenie na Posiedzenie Rady- 16.06.2020 r. \/wtorek\/ o godz. 14:00 na Sali obrad Urz\u0119du Gminy Raba Wy\u017cna<\/span><\/a><\/p>\n","protected":false},"author":6,"featured_media":0,"comment_status":"open","ping_status":"open","sticky":false,"template":"","format":"standard","meta":{"_monsterinsights_skip_tracking":false,"_monsterinsights_sitenote_active":false,"_monsterinsights_sitenote_note":"","_monsterinsights_sitenote_category":0,"footnotes":""},"categories":[3,1],"tags":[],"acf":[],"_links":{"self":[{"href":"https:\/\/przyjaznadolinaraby.info\/2014-2020\/wp-json\/wp\/v2\/posts\/4711"}],"collection":[{"href":"https:\/\/przyjaznadolinaraby.info\/2014-2020\/wp-json\/wp\/v2\/posts"}],"about":[{"href":"https:\/\/przyjaznadolinaraby.info\/2014-2020\/wp-json\/wp\/v2\/types\/post"}],"author":[{"embeddable":true,"href":"https:\/\/przyjaznadolinaraby.info\/2014-2020\/wp-json\/wp\/v2\/users\/6"}],"replies":[{"embeddable":true,"href":"https:\/\/przyjaznadolinaraby.info\/2014-2020\/wp-json\/wp\/v2\/comments?post=4711"}],"version-history":[{"count":0,"href":"https:\/\/przyjaznadolinaraby.info\/2014-2020\/wp-json\/wp\/v2\/posts\/4711\/revisions"}],"wp:attachment":[{"href":"https:\/\/przyjaznadolinaraby.info\/2014-2020\/wp-json\/wp\/v2\/media?parent=4711"}],"wp:term":[{"taxonomy":"category","embeddable":true,"href":"https:\/\/przyjaznadolinaraby.info\/2014-2020\/wp-json\/wp\/v2\/categories?post=4711"},{"taxonomy":"post_tag","embeddable":true,"href":"https:\/\/przyjaznadolinaraby.info\/2014-2020\/wp-json\/wp\/v2\/tags?post=4711"}],"curies":[{"name":"wp","href":"https:\/\/api.w.org\/{rel}","templated":true}]}}