{"id":4722,"date":"2020-06-09T11:42:05","date_gmt":"2020-06-09T09:42:05","guid":{"rendered":"http:\/\/przyjaznadolinaraby.info\/2014-2020\/?p=4722"},"modified":"2020-06-09T12:50:14","modified_gmt":"2020-06-09T10:50:14","slug":"zaproszenie-na-walne-zebranie-czlonkow-stowarzyszenia-przyjazna-dolina-raby-i-czarnej-orawy-4","status":"publish","type":"post","link":"https:\/\/przyjaznadolinaraby.info\/2014-2020\/zaproszenie-na-walne-zebranie-czlonkow-stowarzyszenia-przyjazna-dolina-raby-i-czarnej-orawy-4\/","title":{"rendered":"Zaproszenie na Walne Zebranie Cz\u0142onk\u00f3w Stowarzyszenia Przyjazna Dolina Raby i Czarnej Orawy"},"content":{"rendered":"\n<p>Stowarzyszenie Przyjazna Dolina Raby i Czarnej Orawy serdecznie zaprasza na Walne Zebranie Cz\u0142onk\u00f3w Stowarzyszenia, kt\u00f3re odb\u0119dzie si\u0119 <strong>16.06.2020<\/strong> o godzinie <strong>16.00<\/strong> na Sali obrad Urz\u0119du Gminy w Rabie Wy\u017cnej.<\/p>\n\n\n\n<p><strong>Proponowany porz\u0105dek obrad:<\/strong><\/p>\n\n\n\n<p>1. Otwarcie obrad i stwierdzenie\nprawomocno\u015bci.<\/p>\n\n\n\n<p>2. Wyb\u00f3r Przewodnicz\u0105cego Zebrania i\nProtokolanta<\/p>\n\n\n\n<p>3. Przedstawienie porz\u0105dku obrad<\/p>\n\n\n\n<p>4. Zg\u0142aszanie uwag do porz\u0105dku obrad<\/p>\n\n\n\n<p>5. Przyj\u0119cie porz\u0105dku obrad<\/p>\n\n\n\n<p>6. Wyb\u00f3r komisji skrutacyjnej.<\/p>\n\n\n\n<p>7. Sprawozdanie finansowe za 2019 rok:<\/p>\n\n\n\n<p>a) om\u00f3wienie sprawozdania finansowego\nza 2019 rok<\/p>\n\n\n\n<p>b) sprawozdanie z dzia\u0142alno\u015bci LGD w\n2019 roku<\/p>\n\n\n\n<p>c) raport z ewaluacji 2019<\/p>\n\n\n\n<p>d) opinia Komisji Rewizyjnej<\/p>\n\n\n\n<p>e) podj\u0119cie uchwa\u0142y w sprawie\nzatwierdzenia sprawozdania finansowego za 2019 rok<\/p>\n\n\n\n<p>f) podj\u0119cie uchwa\u0142y w sprawie\nzatwierdzenia sprawozdania z pracy Zarz\u0105du Stowarzyszenia<\/p>\n\n\n\n<p>g) podj\u0119cie uchwa\u0142y w sprawie\nudzielenia absolutorium cz\u0142onkom Zarz\u0105du<\/p>\n\n\n\n<p>h) podj\u0119cie uchwa\u0142y w sprawie\nzatwierdzenia sprawozdania z dzia\u0142alno\u015bci Rady<\/p>\n\n\n\n<p>i) podj\u0119cie uchwa\u0142y w sprawie\nudzielenia absolutorium cz\u0142onkom Rady<\/p>\n\n\n\n<p>j) podj\u0119cie uchwa\u0142y w sprawie\nzatwierdzenia sprawozdania z dzia\u0142alno\u015bci Komisji Rewizyjnej<\/p>\n\n\n\n<p>k) podj\u0119cie uchwa\u0142y w sprawie\nudzielenia absolutorium cz\u0142onkom Komisji Rewizyjnej<\/p>\n\n\n\n<p>8.\nPodj\u0119cie uchwa\u0142y w sprawie odwo\u0142ania Przewodnicz\u0105cego Rady Stowarzyszenia\nPrzyjazna Dolina Raby i Czarnej Orawy z pe\u0142nionej funkcji.<\/p>\n\n\n\n<p>9. Podj\u0119cie uchwa\u0142y w sprawie odwo\u0142ania reprezentanta Gminy\nRaba Wy\u017cna z pe\u0142nionej funkcji.<\/p>\n\n\n\n<p>10. Podj\u0119cie uchwa\u0142y w sprawie wyboru\nreprezentanta Gminy Raba Wy\u017cna w&nbsp; Radzie&nbsp; Stowarzyszenia Przyjazna\nDolina Raby i Czarnej Orawy<\/p>\n\n\n\n<p>11. Podj\u0119cie uchwa\u0142y w sprawie wyboru\nnowych cz\u0142onk\u00f3w Rady Stowarzyszenia Przyjazna Dolina Raby i Czarnej Orawy<\/p>\n\n\n\n<p>12. Podj\u0119cie uchwa\u0142y w sprawie wyboru\n&nbsp;Przewodnicz\u0105cego Rady<\/p>\n\n\n\n<p>13. Uzupe\u0142nienie sk\u0142adu Komisji Rewizyjnej<\/p>\n\n\n\n<p>14. Podj\u0119cie uchwa\u0142y w sprawie zmiany\nRegulaminu Rady Stowarzyszenia Przyjazna Dolina Raby i Czarnej Orawy<\/p>\n\n\n\n<p>15 . Podj\u0119cie uchwa\u0142y w sprawie zmiany Regulaminu Walnego Zebrania Stowarzyszenia Przyjazna Dolina Raby i Czarnej Orawy<\/p>\n\n\n\n<p>16. Podj\u0119cie uchwa\u0142 w sprawie ustalenia wysoko\u015bci sk\u0142adki cz\u0142onkowskiej na rok 2020.<\/p>\n\n\n\n<p>17.Wolne wnioski.<\/p>\n\n\n\n<p>18.Zamkni\u0119cie posiedzenia<\/p>\n","protected":false},"excerpt":{"rendered":"<p>Stowarzyszenie Przyjazna Dolina Raby i Czarnej Orawy serdecznie zaprasza na Walne Zebranie Cz\u0142onk\u00f3w Stowarzyszenia, kt\u00f3re odb\u0119dzie si\u0119 16.06.2020 o godzinie 16.00 na Sali obrad Urz\u0119du Gminy w Rabie Wy\u017cnej. Proponowany porz\u0105dek obrad: 1. Otwarcie obrad i stwierdzenie prawomocno\u015bci. 2. Wyb\u00f3r Przewodnicz\u0105cego Zebrania i Protokolanta 3. Przedstawienie porz\u0105dku obrad 4. Zg\u0142aszanie uwag do porz\u0105dku obrad 5. <a href=\"https:\/\/przyjaznadolinaraby.info\/2014-2020\/zaproszenie-na-walne-zebranie-czlonkow-stowarzyszenia-przyjazna-dolina-raby-i-czarnej-orawy-4\/\" class=\"more-link\">&#8230;<span class=\"screen-reader-text\">  Zaproszenie na Walne Zebranie Cz\u0142onk\u00f3w Stowarzyszenia Przyjazna Dolina Raby i Czarnej Orawy<\/span><\/a><\/p>\n","protected":false},"author":6,"featured_media":0,"comment_status":"open","ping_status":"open","sticky":false,"template":"","format":"standard","meta":{"_monsterinsights_skip_tracking":false,"_monsterinsights_sitenote_active":false,"_monsterinsights_sitenote_note":"","_monsterinsights_sitenote_category":0,"footnotes":""},"categories":[3,1],"tags":[],"acf":[],"_links":{"self":[{"href":"https:\/\/przyjaznadolinaraby.info\/2014-2020\/wp-json\/wp\/v2\/posts\/4722"}],"collection":[{"href":"https:\/\/przyjaznadolinaraby.info\/2014-2020\/wp-json\/wp\/v2\/posts"}],"about":[{"href":"https:\/\/przyjaznadolinaraby.info\/2014-2020\/wp-json\/wp\/v2\/types\/post"}],"author":[{"embeddable":true,"href":"https:\/\/przyjaznadolinaraby.info\/2014-2020\/wp-json\/wp\/v2\/users\/6"}],"replies":[{"embeddable":true,"href":"https:\/\/przyjaznadolinaraby.info\/2014-2020\/wp-json\/wp\/v2\/comments?post=4722"}],"version-history":[{"count":0,"href":"https:\/\/przyjaznadolinaraby.info\/2014-2020\/wp-json\/wp\/v2\/posts\/4722\/revisions"}],"wp:attachment":[{"href":"https:\/\/przyjaznadolinaraby.info\/2014-2020\/wp-json\/wp\/v2\/media?parent=4722"}],"wp:term":[{"taxonomy":"category","embeddable":true,"href":"https:\/\/przyjaznadolinaraby.info\/2014-2020\/wp-json\/wp\/v2\/categories?post=4722"},{"taxonomy":"post_tag","embeddable":true,"href":"https:\/\/przyjaznadolinaraby.info\/2014-2020\/wp-json\/wp\/v2\/tags?post=4722"}],"curies":[{"name":"wp","href":"https:\/\/api.w.org\/{rel}","templated":true}]}}