{"id":5069,"date":"2020-07-16T12:39:14","date_gmt":"2020-07-16T10:39:14","guid":{"rendered":"http:\/\/przyjaznadolinaraby.info\/2014-2020\/?p=5069"},"modified":"2020-07-16T14:23:47","modified_gmt":"2020-07-16T12:23:47","slug":"zaproszenie-na-nadzwyczajne-walne-zebranie-czlonkow-stowarzyszenia-przyjazna-dolina-raby-i-czarnej-orawy-8","status":"publish","type":"post","link":"https:\/\/przyjaznadolinaraby.info\/2014-2020\/zaproszenie-na-nadzwyczajne-walne-zebranie-czlonkow-stowarzyszenia-przyjazna-dolina-raby-i-czarnej-orawy-8\/","title":{"rendered":"Zaproszenie na Nadzwyczajne Walne Zebranie Cz\u0142onk\u00f3w Stowarzyszenia Przyjazna Dolina Raby i Czarnej Orawy"},"content":{"rendered":"\n<p>Stowarzyszenie Przyjazna Dolina Raby i Czarnej Orawy serdecznie zaprasza na Nadzwyczajne Walne Zebranie Cz\u0142onk\u00f3w Stowarzyszenia, kt\u00f3re odb\u0119dzie si\u0119 <strong>23.07.2020<\/strong>\u00a0o godzinie\u00a0<strong>16.00<\/strong>\u00a0na Sali obrad Urz\u0119du Gminy w Rabie Wy\u017cnej.<\/p>\n\n\n\n<p><strong>Proponowany porz\u0105dek obrad:<\/strong><\/p>\n\n\n\n<p>1.\u00a0\u00a0\u00a0\u00a0\u00a0\u00a0Otwarcie obrad i stwierdzenie prawomocno\u015bci<\/p>\n\n\n\n<p>2.&nbsp;&nbsp;&nbsp;&nbsp;&nbsp;&nbsp;Wyb\u00f3r Przewodnicz\u0105cego Zebrania i Protokolanta<\/p>\n\n\n\n<p>3.&nbsp;&nbsp;&nbsp;&nbsp;&nbsp;&nbsp;Przedstawienie porz\u0105dku obrad<\/p>\n\n\n\n<p>4.&nbsp;&nbsp;&nbsp;&nbsp;&nbsp;&nbsp;Zg\u0142aszanie uwag do porz\u0105dku obrad<\/p>\n\n\n\n<p>5.&nbsp;&nbsp;&nbsp;&nbsp;&nbsp;&nbsp;Przyj\u0119cie porz\u0105dku obrad<\/p>\n\n\n\n<p>6.\u00a0\u00a0\u00a0\u00a0\u00a0\u00a0Wyb\u00f3r komisji skrutacyjnej<\/p>\n\n\n\n<p>7.&nbsp;&nbsp;&nbsp;&nbsp;&nbsp;&nbsp;Podj\u0119cie uchwa\u0142y w sprawie odwo\u0142ania cz\u0142onka Komisji Rewizyjnej z pe\u0142nionej funkcji<\/p>\n\n\n\n<p>8.&nbsp;&nbsp;&nbsp;&nbsp;&nbsp;&nbsp;Podj\u0119cie uchwa\u0142y w sprawie wyboru nowych cz\u0142onk\u00f3w Komisji Rewizyjnej<\/p>\n\n\n\n<p>9.&nbsp;&nbsp;&nbsp;&nbsp;&nbsp;&nbsp;Podj\u0119cie uchwa\u0142y w sprawie zmiany Regulaminu Rady Stowarzyszenia Przyjazna Dolina Raby i Czarnej Orawy.<\/p>\n\n\n\n<p>10.\u00a0\u00a0\u00a0Wolne wnioski<\/p>\n\n\n\n<p>11.&nbsp;&nbsp;&nbsp;Zamkni\u0119cie posiedzenia<\/p>\n","protected":false},"excerpt":{"rendered":"<p>Stowarzyszenie Przyjazna Dolina Raby i Czarnej Orawy serdecznie zaprasza na Nadzwyczajne Walne Zebranie Cz\u0142onk\u00f3w Stowarzyszenia, kt\u00f3re odb\u0119dzie si\u0119 23.07.2020\u00a0o godzinie\u00a016.00\u00a0na Sali obrad Urz\u0119du Gminy w Rabie Wy\u017cnej. Proponowany porz\u0105dek obrad: 1.\u00a0\u00a0\u00a0\u00a0\u00a0\u00a0Otwarcie obrad i stwierdzenie prawomocno\u015bci 2.&nbsp;&nbsp;&nbsp;&nbsp;&nbsp;&nbsp;Wyb\u00f3r Przewodnicz\u0105cego Zebrania i Protokolanta 3.&nbsp;&nbsp;&nbsp;&nbsp;&nbsp;&nbsp;Przedstawienie porz\u0105dku obrad 4.&nbsp;&nbsp;&nbsp;&nbsp;&nbsp;&nbsp;Zg\u0142aszanie uwag do porz\u0105dku obrad 5.&nbsp;&nbsp;&nbsp;&nbsp;&nbsp;&nbsp;Przyj\u0119cie porz\u0105dku obrad 6.\u00a0\u00a0\u00a0\u00a0\u00a0\u00a0Wyb\u00f3r komisji skrutacyjnej 7.&nbsp;&nbsp;&nbsp;&nbsp;&nbsp;&nbsp;Podj\u0119cie <a href=\"https:\/\/przyjaznadolinaraby.info\/2014-2020\/zaproszenie-na-nadzwyczajne-walne-zebranie-czlonkow-stowarzyszenia-przyjazna-dolina-raby-i-czarnej-orawy-8\/\" class=\"more-link\">&#8230;<span class=\"screen-reader-text\">  Zaproszenie na Nadzwyczajne Walne Zebranie Cz\u0142onk\u00f3w Stowarzyszenia Przyjazna Dolina Raby i Czarnej Orawy<\/span><\/a><\/p>\n","protected":false},"author":6,"featured_media":0,"comment_status":"open","ping_status":"open","sticky":false,"template":"","format":"standard","meta":{"_monsterinsights_skip_tracking":false,"_monsterinsights_sitenote_active":false,"_monsterinsights_sitenote_note":"","_monsterinsights_sitenote_category":0,"footnotes":""},"categories":[3,1],"tags":[],"acf":[],"_links":{"self":[{"href":"https:\/\/przyjaznadolinaraby.info\/2014-2020\/wp-json\/wp\/v2\/posts\/5069"}],"collection":[{"href":"https:\/\/przyjaznadolinaraby.info\/2014-2020\/wp-json\/wp\/v2\/posts"}],"about":[{"href":"https:\/\/przyjaznadolinaraby.info\/2014-2020\/wp-json\/wp\/v2\/types\/post"}],"author":[{"embeddable":true,"href":"https:\/\/przyjaznadolinaraby.info\/2014-2020\/wp-json\/wp\/v2\/users\/6"}],"replies":[{"embeddable":true,"href":"https:\/\/przyjaznadolinaraby.info\/2014-2020\/wp-json\/wp\/v2\/comments?post=5069"}],"version-history":[{"count":0,"href":"https:\/\/przyjaznadolinaraby.info\/2014-2020\/wp-json\/wp\/v2\/posts\/5069\/revisions"}],"wp:attachment":[{"href":"https:\/\/przyjaznadolinaraby.info\/2014-2020\/wp-json\/wp\/v2\/media?parent=5069"}],"wp:term":[{"taxonomy":"category","embeddable":true,"href":"https:\/\/przyjaznadolinaraby.info\/2014-2020\/wp-json\/wp\/v2\/categories?post=5069"},{"taxonomy":"post_tag","embeddable":true,"href":"https:\/\/przyjaznadolinaraby.info\/2014-2020\/wp-json\/wp\/v2\/tags?post=5069"}],"curies":[{"name":"wp","href":"https:\/\/api.w.org\/{rel}","templated":true}]}}