{"id":556,"date":"2016-09-06T11:03:47","date_gmt":"2016-09-06T09:03:47","guid":{"rendered":"http:\/\/przyjaznadolinaraby.info\/2014-2020\/?p=556"},"modified":"2016-09-09T11:08:12","modified_gmt":"2016-09-09T09:08:12","slug":"zaproszenie-na-nadzwyczajne-walne-zebranie-czlonkow-stowarzyszenia-przyjazna-dolina-raby-i-czarnej-orawy","status":"publish","type":"post","link":"https:\/\/przyjaznadolinaraby.info\/2014-2020\/zaproszenie-na-nadzwyczajne-walne-zebranie-czlonkow-stowarzyszenia-przyjazna-dolina-raby-i-czarnej-orawy\/","title":{"rendered":"Zaproszenie na Nadzwyczajne Walne Zebranie Cz\u0142onk\u00f3w Stowarzyszenia Przyjazna Dolina Raby i Czarnej Orawy"},"content":{"rendered":"<p>Stowarzyszenie Przyjazna Dolina Raby i Czarnej Orawy serdecznie zaprasza na Nadzwyczajne Walne Zebranie Cz\u0142onk\u00f3w Stowarzyszenia, kt\u00f3re odb\u0119dzie si\u0119 <strong>20.09.2016<\/strong> o godzinie <strong>14.00<\/strong> na Sali obrad Urz\u0119du Gminy w Rabie Wy\u017cnej.<\/p>\n<p>&nbsp;<\/p>\n<p><strong>Proponowany porz\u0105dek obrad przedstawia si\u0119 nast\u0119puj\u0105co:<\/strong><\/p>\n<ol>\n<li>Otwarcie obrad i stwierdzenie prawomocno\u015bci.<\/li>\n<li>Wyb\u00f3r Przewodnicz\u0105cego Zebrania i Protokolanta.<\/li>\n<li>Przedstawienie porz\u0105dku obrad.<\/li>\n<li>Zg\u0142aszanie uwag do porz\u0105dku obrad.<\/li>\n<li>Przyj\u0119cie porz\u0105dku obrad.<\/li>\n<li>Wyb\u00f3r komisji skrutacyjnej.<\/li>\n<li>Podj\u0119cie uchwa\u0142y w sprawie\u00a0 zmiany uchwa\u0142y w sprawie przyj\u0119cia lokalnych kryteri\u00f3w wyboru projekt\u00f3w w ramach Programu Rozwoju Obszar\u00f3w Wiejskich na lata 2014 \u2013 2020.<\/li>\n<li>Podj\u0119cie uchwa\u0142y w sprawie: zmiany uchwa\u0142y w sprawie\u00a0 przyj\u0119cia Procedury oceny i wyboru operacji w ramach poddzia\u0142ania \u201eWsparcie na wdra\u017canie operacji w ramach strategii rozwoju lokalnego kierowanego przez spo\u0142eczno\u015b\u0107\u201d obj\u0119tego PROW 2014-2020 realizowanych przez podmioty inne ni\u017c LGD;<\/li>\n<li>Podj\u0119cie uchwa\u0142y w sprawie zmiany uchwa\u0142y w sprawie\u00a0 przyj\u0119cia Procedury oceny i wyboru oraz rozliczania, monitoringu i kontroli grantobiorc\u00f3w w ramach poddzia\u0142ania \u201eWsparcie na wdra\u017canie operacji w ramach strategii rozwoju lokalnego kierowanego przez spo\u0142eczno\u015b\u0107\u201d obj\u0119tego PROW 2014-2020;<\/li>\n<li>Podj\u0119cie uchwa\u0142y w sprawie zmiany uchwa\u0142y w sprawie\u00a0 przyj\u0119cia Procedury oceny i wyboru operacji w\u0142asnych LGD w ramach poddzia\u0142ania \u201eWsparcie na wdra\u017canie operacji w ramach strategii rozwoju lokalnego kierowanego przez spo\u0142eczno\u015b\u0107\u201d obj\u0119tego PROW 2014-2020;<\/li>\n<li>Podj\u0119cie uchwa\u0142y w sprawie zmiany uchwa\u0142y w sprawie zatwierdzenia Strategii Rozwoju Lokalnego Kierowanego przez Spo\u0142eczno\u015b\u0107 obj\u0119ta Programem Rozwoju Obszar\u00f3w Wiejskich na lata 2014\u20132020 Stowarzyszenia Przyjazna Dolina Raby i Czarnej Orawy.<\/li>\n<li>Wolne wnioski.<\/li>\n<li>Zamkni\u0119cie posiedzenia.<\/li>\n<\/ol>\n","protected":false},"excerpt":{"rendered":"<p>Stowarzyszenie Przyjazna Dolina Raby i Czarnej Orawy serdecznie zaprasza na Nadzwyczajne Walne Zebranie Cz\u0142onk\u00f3w Stowarzyszenia, kt\u00f3re odb\u0119dzie si\u0119 20.09.2016 o godzinie 14.00 na Sali obrad Urz\u0119du Gminy w Rabie Wy\u017cnej. &nbsp; Proponowany porz\u0105dek obrad przedstawia si\u0119 nast\u0119puj\u0105co: Otwarcie obrad i stwierdzenie prawomocno\u015bci. Wyb\u00f3r Przewodnicz\u0105cego Zebrania i Protokolanta. Przedstawienie porz\u0105dku obrad. Zg\u0142aszanie uwag do porz\u0105dku obrad. <a href=\"https:\/\/przyjaznadolinaraby.info\/2014-2020\/zaproszenie-na-nadzwyczajne-walne-zebranie-czlonkow-stowarzyszenia-przyjazna-dolina-raby-i-czarnej-orawy\/\" class=\"more-link\">&#8230;<span class=\"screen-reader-text\">  Zaproszenie na Nadzwyczajne Walne Zebranie Cz\u0142onk\u00f3w Stowarzyszenia Przyjazna Dolina Raby i Czarnej Orawy<\/span><\/a><\/p>\n","protected":false},"author":6,"featured_media":0,"comment_status":"open","ping_status":"open","sticky":false,"template":"","format":"standard","meta":{"_monsterinsights_skip_tracking":false,"_monsterinsights_sitenote_active":false,"_monsterinsights_sitenote_note":"","_monsterinsights_sitenote_category":0,"footnotes":""},"categories":[3],"tags":[],"acf":[],"_links":{"self":[{"href":"https:\/\/przyjaznadolinaraby.info\/2014-2020\/wp-json\/wp\/v2\/posts\/556"}],"collection":[{"href":"https:\/\/przyjaznadolinaraby.info\/2014-2020\/wp-json\/wp\/v2\/posts"}],"about":[{"href":"https:\/\/przyjaznadolinaraby.info\/2014-2020\/wp-json\/wp\/v2\/types\/post"}],"author":[{"embeddable":true,"href":"https:\/\/przyjaznadolinaraby.info\/2014-2020\/wp-json\/wp\/v2\/users\/6"}],"replies":[{"embeddable":true,"href":"https:\/\/przyjaznadolinaraby.info\/2014-2020\/wp-json\/wp\/v2\/comments?post=556"}],"version-history":[{"count":0,"href":"https:\/\/przyjaznadolinaraby.info\/2014-2020\/wp-json\/wp\/v2\/posts\/556\/revisions"}],"wp:attachment":[{"href":"https:\/\/przyjaznadolinaraby.info\/2014-2020\/wp-json\/wp\/v2\/media?parent=556"}],"wp:term":[{"taxonomy":"category","embeddable":true,"href":"https:\/\/przyjaznadolinaraby.info\/2014-2020\/wp-json\/wp\/v2\/categories?post=556"},{"taxonomy":"post_tag","embeddable":true,"href":"https:\/\/przyjaznadolinaraby.info\/2014-2020\/wp-json\/wp\/v2\/tags?post=556"}],"curies":[{"name":"wp","href":"https:\/\/api.w.org\/{rel}","templated":true}]}}