{"id":638,"date":"2016-09-27T10:34:54","date_gmt":"2016-09-27T08:34:54","guid":{"rendered":"http:\/\/przyjaznadolinaraby.info\/2014-2020\/?p=638"},"modified":"2016-09-27T11:34:13","modified_gmt":"2016-09-27T09:34:13","slug":"zapraszamy-na-dyzury-doradcze","status":"publish","type":"post","link":"https:\/\/przyjaznadolinaraby.info\/2014-2020\/zapraszamy-na-dyzury-doradcze\/","title":{"rendered":"Zapraszamy na dy\u017cury doradcze"},"content":{"rendered":"<p align=\"left\"><b>Dy\u017cury doradcze cz\u0142onk\u00f3w Zarz\u0105du Stowarzyszenia Przyjazna Dolina Raby i Czarnej Orawy.<\/b><\/p>\n<p align=\"left\">Wszystkich zainteresowanych otrzymaniem dotacji ze \u015brodk\u00f3w UE w ramach PROW 2014 \u2013 2020 dzia\u0142anie: <i>\u201eWsparcie na wdra\u017canie operacji w ramach strategii rozwoju lokalnego kierowanego przez spo\u0142eczno\u015b\u0107\u201d <\/i>zapraszamy do skorzystania z bezp\u0142atnych\u00a0dy\u017cur\u00f3w doradczych, kt\u00f3re b\u0119d\u0105 si\u0119 odbywa\u0107 w poszczeg\u00f3lnych gminach, raz w tygodniu a\u017c\u00a0do 19.10.2016r.(w\u0142\u0105cznie).<\/p>\n<table border=\"0\" width=\"459\" cellspacing=\"0\" cellpadding=\"0\">\n<tbody>\n<tr>\n<td valign=\"top\" width=\"130\"><b>Gmina <\/b><\/td>\n<td valign=\"top\" width=\"224\"><b>Dzie\u0144 tygodnia\/godzina<\/b><\/td>\n<td valign=\"top\" width=\"105\"><b>\u00a0<\/b><\/td>\n<\/tr>\n<tr>\n<td valign=\"top\" width=\"130\">Jab\u0142onka<\/td>\n<td valign=\"top\" width=\"224\">Poniedzia\u0142ek\/ 8:00 do 9:00<\/td>\n<td valign=\"top\" width=\"105\">Urz\u0105d Gminy<\/td>\n<\/tr>\n<tr>\n<td valign=\"top\" width=\"130\">Spytkowice<\/td>\n<td valign=\"top\" width=\"224\">Poniedzia\u0142ek \/ 10:00 do 11:00<\/td>\n<td valign=\"top\" width=\"105\">Urz\u0105d Gminy<\/td>\n<\/tr>\n<tr>\n<td valign=\"top\" width=\"130\">Lipnica Wielka<\/td>\n<td valign=\"top\" width=\"224\">Wtorek \/ 10:00 do 11:00<\/td>\n<td valign=\"top\" width=\"105\">Urz\u0105d Gminy<\/td>\n<\/tr>\n<tr>\n<td valign=\"top\" width=\"130\">Raba Wy\u017cna<\/td>\n<td valign=\"top\" width=\"224\">\u015aroda \/ 9:00 do 10:00<\/td>\n<td valign=\"top\" width=\"105\">Urz\u0105d Gminy<\/td>\n<\/tr>\n<tr>\n<td valign=\"top\" width=\"130\">Rabka-Zdr\u00f3j<\/td>\n<td valign=\"top\" width=\"224\">\u015aroda \/ 12:00 do 13:00<\/td>\n<td valign=\"top\" width=\"105\">Urz\u0105d Miejski<\/td>\n<\/tr>\n<\/tbody>\n<\/table>\n<p>&nbsp;<\/p>\n","protected":false},"excerpt":{"rendered":"<p>Dy\u017cury doradcze cz\u0142onk\u00f3w Zarz\u0105du Stowarzyszenia Przyjazna Dolina Raby i Czarnej Orawy. Wszystkich zainteresowanych otrzymaniem dotacji ze \u015brodk\u00f3w UE w ramach PROW 2014 \u2013 2020 dzia\u0142anie: \u201eWsparcie na wdra\u017canie operacji w ramach strategii rozwoju lokalnego kierowanego przez spo\u0142eczno\u015b\u0107\u201d zapraszamy do skorzystania z bezp\u0142atnych\u00a0dy\u017cur\u00f3w doradczych, kt\u00f3re b\u0119d\u0105 si\u0119 odbywa\u0107 w poszczeg\u00f3lnych gminach, raz w tygodniu a\u017c\u00a0do 19.10.2016r.(w\u0142\u0105cznie). <a href=\"https:\/\/przyjaznadolinaraby.info\/2014-2020\/zapraszamy-na-dyzury-doradcze\/\" class=\"more-link\">&#8230;<span class=\"screen-reader-text\">  Zapraszamy na dy\u017cury doradcze<\/span><\/a><\/p>\n","protected":false},"author":6,"featured_media":0,"comment_status":"open","ping_status":"open","sticky":false,"template":"","format":"standard","meta":{"_monsterinsights_skip_tracking":false,"_monsterinsights_sitenote_active":false,"_monsterinsights_sitenote_note":"","_monsterinsights_sitenote_category":0,"footnotes":""},"categories":[3],"tags":[],"acf":[],"_links":{"self":[{"href":"https:\/\/przyjaznadolinaraby.info\/2014-2020\/wp-json\/wp\/v2\/posts\/638"}],"collection":[{"href":"https:\/\/przyjaznadolinaraby.info\/2014-2020\/wp-json\/wp\/v2\/posts"}],"about":[{"href":"https:\/\/przyjaznadolinaraby.info\/2014-2020\/wp-json\/wp\/v2\/types\/post"}],"author":[{"embeddable":true,"href":"https:\/\/przyjaznadolinaraby.info\/2014-2020\/wp-json\/wp\/v2\/users\/6"}],"replies":[{"embeddable":true,"href":"https:\/\/przyjaznadolinaraby.info\/2014-2020\/wp-json\/wp\/v2\/comments?post=638"}],"version-history":[{"count":0,"href":"https:\/\/przyjaznadolinaraby.info\/2014-2020\/wp-json\/wp\/v2\/posts\/638\/revisions"}],"wp:attachment":[{"href":"https:\/\/przyjaznadolinaraby.info\/2014-2020\/wp-json\/wp\/v2\/media?parent=638"}],"wp:term":[{"taxonomy":"category","embeddable":true,"href":"https:\/\/przyjaznadolinaraby.info\/2014-2020\/wp-json\/wp\/v2\/categories?post=638"},{"taxonomy":"post_tag","embeddable":true,"href":"https:\/\/przyjaznadolinaraby.info\/2014-2020\/wp-json\/wp\/v2\/tags?post=638"}],"curies":[{"name":"wp","href":"https:\/\/api.w.org\/{rel}","templated":true}]}}