{"id":6391,"date":"2020-10-05T09:14:56","date_gmt":"2020-10-05T07:14:56","guid":{"rendered":"http:\/\/przyjaznadolinaraby.info\/2014-2020\/?p=6391"},"modified":"2020-11-05T09:23:28","modified_gmt":"2020-11-05T08:23:28","slug":"sprawozdanie-z-wycieczki-do-warszawy-03-04-10-2020","status":"publish","type":"post","link":"https:\/\/przyjaznadolinaraby.info\/2014-2020\/sprawozdanie-z-wycieczki-do-warszawy-03-04-10-2020\/","title":{"rendered":"Sprawozdanie z wycieczki do Warszawy 03. \u2013 04. 10.2020"},"content":{"rendered":"\n<p>W dniach 03.04.10.2020 dzieci z Gminy Raba Wy\u017cna przebywa\u0142y na wycieczce zorganizowanej przez Stowarzyszenie Przyjazna Dolina Raby i Czarnej Orawy, a wsp\u00f3\u0142finansowanej ze \u015brodk\u00f3w Fundacji PZU. W ramach wyjazdu dzie\u0144 dzieci mog\u0142y zwiedzi\u0107 Stadion Narodowy , Centrum Pieni\u0105dza NBP, Muzeum Powstania Warszawskiego, Zamek Kr\u00f3lewski, Stare Miasto, \u0141azienki.<\/p>\n\n\n\n<figure class=\"wp-block-image\"><img decoding=\"async\" width=\"1024\" height=\"472\" src=\"http:\/\/przyjaznadolinaraby.info\/2014-2020\/wp-content\/uploads\/2020\/11\/1-1024x472.jpg\" alt=\"\" class=\"wp-image-6393\" srcset=\"https:\/\/przyjaznadolinaraby.info\/2014-2020\/wp-content\/uploads\/2020\/11\/1-1024x472.jpg 1024w, https:\/\/przyjaznadolinaraby.info\/2014-2020\/wp-content\/uploads\/2020\/11\/1-300x138.jpg 300w, https:\/\/przyjaznadolinaraby.info\/2014-2020\/wp-content\/uploads\/2020\/11\/1.jpg 1600w\" sizes=\"(max-width: 1024px) 100vw, 1024px\" \/><\/figure>\n\n\n\n<figure class=\"wp-block-image\"><img decoding=\"async\" width=\"1600\" height=\"738\" src=\"http:\/\/przyjaznadolinaraby.info\/2014-2020\/wp-content\/uploads\/2020\/11\/2-1024x472.jpg\" alt=\"\" class=\"wp-image-6394\" srcset=\"https:\/\/przyjaznadolinaraby.info\/2014-2020\/wp-content\/uploads\/2020\/11\/2-1024x472.jpg 1024w, https:\/\/przyjaznadolinaraby.info\/2014-2020\/wp-content\/uploads\/2020\/11\/2-300x138.jpg 300w, https:\/\/przyjaznadolinaraby.info\/2014-2020\/wp-content\/uploads\/2020\/11\/2.jpg 1600w\" sizes=\"(max-width: 1600px) 100vw, 1600px\" \/><\/figure>\n\n\n\n<figure class=\"wp-block-image\"><img decoding=\"async\" width=\"1024\" height=\"472\" src=\"http:\/\/przyjaznadolinaraby.info\/2014-2020\/wp-content\/uploads\/2020\/11\/3-1024x472.jpg\" alt=\"\" class=\"wp-image-6396\" srcset=\"https:\/\/przyjaznadolinaraby.info\/2014-2020\/wp-content\/uploads\/2020\/11\/3-1024x472.jpg 1024w, https:\/\/przyjaznadolinaraby.info\/2014-2020\/wp-content\/uploads\/2020\/11\/3-300x138.jpg 300w, https:\/\/przyjaznadolinaraby.info\/2014-2020\/wp-content\/uploads\/2020\/11\/3.jpg 1600w\" sizes=\"(max-width: 1024px) 100vw, 1024px\" \/><\/figure>\n\n\n\n<figure class=\"wp-block-image\"><img decoding=\"async\" width=\"1024\" height=\"472\" src=\"http:\/\/przyjaznadolinaraby.info\/2014-2020\/wp-content\/uploads\/2020\/11\/4-1024x472.jpg\" alt=\"\" class=\"wp-image-6397\" srcset=\"https:\/\/przyjaznadolinaraby.info\/2014-2020\/wp-content\/uploads\/2020\/11\/4-1024x472.jpg 1024w, https:\/\/przyjaznadolinaraby.info\/2014-2020\/wp-content\/uploads\/2020\/11\/4-300x138.jpg 300w, https:\/\/przyjaznadolinaraby.info\/2014-2020\/wp-content\/uploads\/2020\/11\/4.jpg 1600w\" sizes=\"(max-width: 1024px) 100vw, 1024px\" \/><\/figure>\n\n\n\n<figure class=\"wp-block-image\"><img decoding=\"async\" width=\"1024\" height=\"472\" src=\"http:\/\/przyjaznadolinaraby.info\/2014-2020\/wp-content\/uploads\/2020\/11\/5-1024x472.jpg\" alt=\"\" class=\"wp-image-6398\" srcset=\"https:\/\/przyjaznadolinaraby.info\/2014-2020\/wp-content\/uploads\/2020\/11\/5-1024x472.jpg 1024w, https:\/\/przyjaznadolinaraby.info\/2014-2020\/wp-content\/uploads\/2020\/11\/5-300x138.jpg 300w, https:\/\/przyjaznadolinaraby.info\/2014-2020\/wp-content\/uploads\/2020\/11\/5.jpg 1600w\" sizes=\"(max-width: 1024px) 100vw, 1024px\" \/><\/figure>\n","protected":false},"excerpt":{"rendered":"<p>W dniach 03.04.10.2020 dzieci z Gminy Raba Wy\u017cna przebywa\u0142y na wycieczce zorganizowanej przez Stowarzyszenie Przyjazna Dolina Raby i Czarnej Orawy, a wsp\u00f3\u0142finansowanej ze \u015brodk\u00f3w Fundacji PZU. W ramach wyjazdu dzie\u0144 dzieci mog\u0142y zwiedzi\u0107 Stadion Narodowy , Centrum Pieni\u0105dza NBP, Muzeum Powstania Warszawskiego, Zamek Kr\u00f3lewski, Stare Miasto, \u0141azienki.<\/p>\n","protected":false},"author":6,"featured_media":0,"comment_status":"open","ping_status":"open","sticky":false,"template":"","format":"standard","meta":{"_monsterinsights_skip_tracking":false,"_monsterinsights_sitenote_active":false,"_monsterinsights_sitenote_note":"","_monsterinsights_sitenote_category":0,"footnotes":""},"categories":[3,1],"tags":[],"acf":[],"_links":{"self":[{"href":"https:\/\/przyjaznadolinaraby.info\/2014-2020\/wp-json\/wp\/v2\/posts\/6391"}],"collection":[{"href":"https:\/\/przyjaznadolinaraby.info\/2014-2020\/wp-json\/wp\/v2\/posts"}],"about":[{"href":"https:\/\/przyjaznadolinaraby.info\/2014-2020\/wp-json\/wp\/v2\/types\/post"}],"author":[{"embeddable":true,"href":"https:\/\/przyjaznadolinaraby.info\/2014-2020\/wp-json\/wp\/v2\/users\/6"}],"replies":[{"embeddable":true,"href":"https:\/\/przyjaznadolinaraby.info\/2014-2020\/wp-json\/wp\/v2\/comments?post=6391"}],"version-history":[{"count":0,"href":"https:\/\/przyjaznadolinaraby.info\/2014-2020\/wp-json\/wp\/v2\/posts\/6391\/revisions"}],"wp:attachment":[{"href":"https:\/\/przyjaznadolinaraby.info\/2014-2020\/wp-json\/wp\/v2\/media?parent=6391"}],"wp:term":[{"taxonomy":"category","embeddable":true,"href":"https:\/\/przyjaznadolinaraby.info\/2014-2020\/wp-json\/wp\/v2\/categories?post=6391"},{"taxonomy":"post_tag","embeddable":true,"href":"https:\/\/przyjaznadolinaraby.info\/2014-2020\/wp-json\/wp\/v2\/tags?post=6391"}],"curies":[{"name":"wp","href":"https:\/\/api.w.org\/{rel}","templated":true}]}}