{"id":682,"date":"2016-10-19T09:57:51","date_gmt":"2016-10-19T07:57:51","guid":{"rendered":"http:\/\/przyjaznadolinaraby.info\/2014-2020\/?p=682"},"modified":"2016-10-19T09:59:04","modified_gmt":"2016-10-19T07:59:04","slug":"682","status":"publish","type":"post","link":"https:\/\/przyjaznadolinaraby.info\/2014-2020\/682\/","title":{"rendered":"Szkolenie z zakresu zasad wype\u0142niania dokumentacji dla Rady i pracownik\u00f3w Stowarzyszenia"},"content":{"rendered":"<p>W dniu 17.10.2016 roku w Urz\u0119dzie Gminy Raba Wy\u017cna odby\u0142o si\u0119 szkolenie z zakresu zasad wype\u0142niania dokumentacji aplikacyjnej i rozliczeniowej w ramach poddzia\u0142ania \u201e Wsparcie na wdra\u017canie operacji w ramach strategii rozwoju lokalnego kierowanego przez spo\u0142eczno\u015b\u0107\u201d. W spotkaniu uczestniczyli pracownicy Stowarzyszenia oraz cz\u0142onkowie Rady.<\/p>\n<p><img decoding=\"async\" class=\"alignnone wp-image-683 \" src=\"http:\/\/przyjaznadolinaraby.info\/2014-2020\/wp-content\/uploads\/2016\/10\/1.jpg\" alt=\"1\" width=\"495\" height=\"371\" srcset=\"https:\/\/przyjaznadolinaraby.info\/2014-2020\/wp-content\/uploads\/2016\/10\/1.jpg 974w, https:\/\/przyjaznadolinaraby.info\/2014-2020\/wp-content\/uploads\/2016\/10\/1-300x225.jpg 300w\" sizes=\"(max-width: 495px) 100vw, 495px\" \/> <img decoding=\"async\" class=\"alignnone wp-image-684\" src=\"http:\/\/przyjaznadolinaraby.info\/2014-2020\/wp-content\/uploads\/2016\/10\/2.jpg\" alt=\"2\" width=\"495\" height=\"371\" srcset=\"https:\/\/przyjaznadolinaraby.info\/2014-2020\/wp-content\/uploads\/2016\/10\/2.jpg 958w, https:\/\/przyjaznadolinaraby.info\/2014-2020\/wp-content\/uploads\/2016\/10\/2-300x225.jpg 300w\" sizes=\"(max-width: 495px) 100vw, 495px\" \/> <img decoding=\"async\" class=\"alignnone wp-image-685\" src=\"http:\/\/przyjaznadolinaraby.info\/2014-2020\/wp-content\/uploads\/2016\/10\/3.jpg\" alt=\"3\" width=\"496\" height=\"372\" srcset=\"https:\/\/przyjaznadolinaraby.info\/2014-2020\/wp-content\/uploads\/2016\/10\/3.jpg 997w, https:\/\/przyjaznadolinaraby.info\/2014-2020\/wp-content\/uploads\/2016\/10\/3-300x225.jpg 300w\" sizes=\"(max-width: 496px) 100vw, 496px\" \/><\/p>\n","protected":false},"excerpt":{"rendered":"<p>W dniu 17.10.2016 roku w Urz\u0119dzie Gminy Raba Wy\u017cna odby\u0142o si\u0119 szkolenie z zakresu zasad wype\u0142niania dokumentacji aplikacyjnej i rozliczeniowej w ramach poddzia\u0142ania \u201e Wsparcie na wdra\u017canie operacji w ramach strategii rozwoju lokalnego kierowanego przez spo\u0142eczno\u015b\u0107\u201d. W spotkaniu uczestniczyli pracownicy Stowarzyszenia oraz cz\u0142onkowie Rady.<\/p>\n","protected":false},"author":6,"featured_media":0,"comment_status":"open","ping_status":"open","sticky":false,"template":"","format":"standard","meta":{"_monsterinsights_skip_tracking":false,"_monsterinsights_sitenote_active":false,"_monsterinsights_sitenote_note":"","_monsterinsights_sitenote_category":0,"footnotes":""},"categories":[3],"tags":[],"acf":[],"_links":{"self":[{"href":"https:\/\/przyjaznadolinaraby.info\/2014-2020\/wp-json\/wp\/v2\/posts\/682"}],"collection":[{"href":"https:\/\/przyjaznadolinaraby.info\/2014-2020\/wp-json\/wp\/v2\/posts"}],"about":[{"href":"https:\/\/przyjaznadolinaraby.info\/2014-2020\/wp-json\/wp\/v2\/types\/post"}],"author":[{"embeddable":true,"href":"https:\/\/przyjaznadolinaraby.info\/2014-2020\/wp-json\/wp\/v2\/users\/6"}],"replies":[{"embeddable":true,"href":"https:\/\/przyjaznadolinaraby.info\/2014-2020\/wp-json\/wp\/v2\/comments?post=682"}],"version-history":[{"count":0,"href":"https:\/\/przyjaznadolinaraby.info\/2014-2020\/wp-json\/wp\/v2\/posts\/682\/revisions"}],"wp:attachment":[{"href":"https:\/\/przyjaznadolinaraby.info\/2014-2020\/wp-json\/wp\/v2\/media?parent=682"}],"wp:term":[{"taxonomy":"category","embeddable":true,"href":"https:\/\/przyjaznadolinaraby.info\/2014-2020\/wp-json\/wp\/v2\/categories?post=682"},{"taxonomy":"post_tag","embeddable":true,"href":"https:\/\/przyjaznadolinaraby.info\/2014-2020\/wp-json\/wp\/v2\/tags?post=682"}],"curies":[{"name":"wp","href":"https:\/\/api.w.org\/{rel}","templated":true}]}}