{"id":6846,"date":"2020-12-18T17:17:55","date_gmt":"2020-12-18T16:17:55","guid":{"rendered":"http:\/\/przyjaznadolinaraby.info\/2014-2020\/?p=6846"},"modified":"2020-12-18T22:54:10","modified_gmt":"2020-12-18T21:54:10","slug":"dobre-praktyki-w-ramach-wdrazania-strategii-rozwoju-lokalnego-kierowanego-przez-spolecznosc-stowarzyszenia-przyjazna-dolina-raby-i-czarnej-orawy-na-lata-2014-2020","status":"publish","type":"post","link":"https:\/\/przyjaznadolinaraby.info\/2014-2020\/dobre-praktyki-w-ramach-wdrazania-strategii-rozwoju-lokalnego-kierowanego-przez-spolecznosc-stowarzyszenia-przyjazna-dolina-raby-i-czarnej-orawy-na-lata-2014-2020\/","title":{"rendered":"Dobre praktyki w ramach wdra\u017cania Strategii Rozwoju Lokalnego Kierowanego przez Spo\u0142eczno\u015b\u0107 Stowarzyszenia PRZYJAZNA DOLINA RABY I CZARNEJ ORAWY na lata 2014-2020"},"content":{"rendered":"\n<p> Szanowni Pa\u0144stwo,<\/p>\n\n\n\n<p>Poni\u017cej znajduje si\u0119 <strong><a href=\"http:\/\/przyjaznadolinaraby.info\/...\/zrealizowane-projekty\/\">link<\/a><\/strong> zawieraj\u0105cy <strong>przyk\u0142ady operacji<\/strong>  zrealizowanych w ramach poddzia\u0142ania \u201eWsparcie na wdra\u017canie operacji w ramach strategii rozwoju lokalnego kierowanego przez spo\u0142eczno\u015b\u0107\u201d obj\u0119tego Programem Rozwoju Obszar\u00f3w Wiejskich na lata 2014 \u2013 2020.Wszystkie przedstawione dzia\u0142ania zrealizowane zosta\u0142y <strong>za po\u015brednictwem Stowarzyszenia Przyjazna Dolina Raby i Czarnej Orawy<\/strong>, kt\u00f3re pe\u0142ni bardzo wa\u017cn\u0105 rol\u0119 w rozwoju obszar\u00f3w wiejskich. <strong>Dzi\u0119ki wsp\u00f3lnej pracy <\/strong>mieszka\u0144c\u00f3w i  LGD zrealizowane zosta\u0142y operacje m.in. z zakresu podejmowania i rozwoju dzia\u0142alno\u015bci gospodarczej, zachowania dziedzictwa lokalnego, rozwoju infrastruktury &#8211; turystycznej, rekreacyjnej, kulturalnej oraz promocji obszar\u00f3w obj\u0119tych LSR. Naszym zadaniem jest <strong>kreowanie  i wspieranie aktywno\u015bci mieszka\u0144c\u00f3w<\/strong> swych spo\u0142eczno\u015bci, tak by stymulowa\u0107 ich rozw\u00f3j. Priorytetem dzia\u0142a\u0144 jest wyb\u00f3r operacji finansowanych w ramach \u015brodk\u00f3w zapisanych w Strategii Rozwoju Lokalnego Kierowanego przez Spo\u0142eczno\u015b\u0107 (LSR) oraz ustalanie, jakimi kwotami wesprze\u0107 poszczeg\u00f3lne projekty. Mamy nadziej\u0119, \u017ce prezentowane przyk\u0142ady operacji zainspiruj\u0105 wiele os\u00f3b do dzia\u0142ania na rzecz rozwoju obszar\u00f3w wiejskich, szczeg\u00f3lnie w kontek\u015bcie nowej perspektywy finansowej na lata 2021 \u2013 2027. <\/p>\n\n\n\n<p><a href=\"http:\/\/przyjaznadolinaraby.info\/2014-2020\/zrealizowane-projekty\/?preview=true\">Zrealizowane projekty \u2013 Stowarzyszenie Przyjazna Dolina Raby i Czarnej Orawy<\/a><\/p>\n\n\n\n<figure class=\"wp-block-image\"><a href=\"http:\/\/przyjaznadolinaraby.info\/2014-2020\/2019\/06\/17\/granty-projekty-zrealizowane\/\"><img decoding=\"async\" width=\"300\" height=\"225\" src=\"http:\/\/przyjaznadolinaraby.info\/2014-2020\/wp-content\/uploads\/2020\/12\/1-granty-m-300x225.jpg\" alt=\"\" class=\"wp-image-6850\" srcset=\"https:\/\/przyjaznadolinaraby.info\/2014-2020\/wp-content\/uploads\/2020\/12\/1-granty-m-300x225.jpg 300w, https:\/\/przyjaznadolinaraby.info\/2014-2020\/wp-content\/uploads\/2020\/12\/1-granty-m-1024x768.jpg 1024w, https:\/\/przyjaznadolinaraby.info\/2014-2020\/wp-content\/uploads\/2020\/12\/1-granty-m.jpg 1200w\" sizes=\"(max-width: 300px) 100vw, 300px\" \/><\/a><\/figure>\n\n\n\n<figure class=\"wp-block-image\"><a href=\"http:\/\/przyjaznadolinaraby.info\/2014-2020\/podejmowanie-dzialalnosci-gospodarczej\/\"><img decoding=\"async\" width=\"300\" height=\"225\" src=\"http:\/\/przyjaznadolinaraby.info\/2014-2020\/wp-content\/uploads\/2020\/12\/1-premie-m-300x225.jpg\" alt=\"\" class=\"wp-image-6845\" srcset=\"https:\/\/przyjaznadolinaraby.info\/2014-2020\/wp-content\/uploads\/2020\/12\/1-premie-m-300x225.jpg 300w, https:\/\/przyjaznadolinaraby.info\/2014-2020\/wp-content\/uploads\/2020\/12\/1-premie-m-1024x768.jpg 1024w, https:\/\/przyjaznadolinaraby.info\/2014-2020\/wp-content\/uploads\/2020\/12\/1-premie-m.jpg 1200w\" sizes=\"(max-width: 300px) 100vw, 300px\" \/><\/a><\/figure>\n\n\n\n<figure class=\"wp-block-image\"><a href=\"http:\/\/przyjaznadolinaraby.info\/2014-2020\/rozwoj-dzialalnosci-gospodarczej\/\"><img decoding=\"async\" width=\"300\" height=\"225\" src=\"http:\/\/przyjaznadolinaraby.info\/2014-2020\/wp-content\/uploads\/2020\/12\/1-rozw\u00f3j-m-300x225.jpg\" alt=\"\" class=\"wp-image-6847\" srcset=\"https:\/\/przyjaznadolinaraby.info\/2014-2020\/wp-content\/uploads\/2020\/12\/1-rozw\u00f3j-m-300x225.jpg 300w, https:\/\/przyjaznadolinaraby.info\/2014-2020\/wp-content\/uploads\/2020\/12\/1-rozw\u00f3j-m-1024x768.jpg 1024w, https:\/\/przyjaznadolinaraby.info\/2014-2020\/wp-content\/uploads\/2020\/12\/1-rozw\u00f3j-m.jpg 1200w\" sizes=\"(max-width: 300px) 100vw, 300px\" \/><\/a><\/figure>\n\n\n\n<figure class=\"wp-block-image\"><a href=\"http:\/\/przyjaznadolinaraby.info\/2014-2020\/inne-operacje\/\"><img decoding=\"async\" width=\"300\" height=\"225\" src=\"http:\/\/przyjaznadolinaraby.info\/2014-2020\/wp-content\/uploads\/2020\/12\/1-inne-m-300x225.jpg\" alt=\"\" class=\"wp-image-6848\" srcset=\"https:\/\/przyjaznadolinaraby.info\/2014-2020\/wp-content\/uploads\/2020\/12\/1-inne-m-300x225.jpg 300w, https:\/\/przyjaznadolinaraby.info\/2014-2020\/wp-content\/uploads\/2020\/12\/1-inne-m-1024x768.jpg 1024w, https:\/\/przyjaznadolinaraby.info\/2014-2020\/wp-content\/uploads\/2020\/12\/1-inne-m.jpg 1200w\" sizes=\"(max-width: 300px) 100vw, 300px\" \/><\/a><\/figure>\n","protected":false},"excerpt":{"rendered":"<p>Szanowni Pa\u0144stwo, Poni\u017cej znajduje si\u0119 link zawieraj\u0105cy przyk\u0142ady operacji zrealizowanych w ramach poddzia\u0142ania \u201eWsparcie na wdra\u017canie operacji w ramach strategii rozwoju lokalnego kierowanego przez spo\u0142eczno\u015b\u0107\u201d obj\u0119tego Programem Rozwoju Obszar\u00f3w Wiejskich na lata 2014 \u2013 2020.Wszystkie przedstawione dzia\u0142ania zrealizowane zosta\u0142y za po\u015brednictwem Stowarzyszenia Przyjazna Dolina Raby i Czarnej Orawy, kt\u00f3re pe\u0142ni bardzo wa\u017cn\u0105 rol\u0119 w rozwoju <a href=\"https:\/\/przyjaznadolinaraby.info\/2014-2020\/dobre-praktyki-w-ramach-wdrazania-strategii-rozwoju-lokalnego-kierowanego-przez-spolecznosc-stowarzyszenia-przyjazna-dolina-raby-i-czarnej-orawy-na-lata-2014-2020\/\" class=\"more-link\">&#8230;<span class=\"screen-reader-text\">  Dobre praktyki w ramach wdra\u017cania Strategii Rozwoju Lokalnego Kierowanego przez Spo\u0142eczno\u015b\u0107 Stowarzyszenia PRZYJAZNA DOLINA RABY I CZARNEJ ORAWY na lata 2014-2020<\/span><\/a><\/p>\n","protected":false},"author":6,"featured_media":0,"comment_status":"open","ping_status":"open","sticky":false,"template":"","format":"standard","meta":{"_monsterinsights_skip_tracking":false,"_monsterinsights_sitenote_active":false,"_monsterinsights_sitenote_note":"","_monsterinsights_sitenote_category":0,"footnotes":""},"categories":[3,1],"tags":[],"acf":[],"_links":{"self":[{"href":"https:\/\/przyjaznadolinaraby.info\/2014-2020\/wp-json\/wp\/v2\/posts\/6846"}],"collection":[{"href":"https:\/\/przyjaznadolinaraby.info\/2014-2020\/wp-json\/wp\/v2\/posts"}],"about":[{"href":"https:\/\/przyjaznadolinaraby.info\/2014-2020\/wp-json\/wp\/v2\/types\/post"}],"author":[{"embeddable":true,"href":"https:\/\/przyjaznadolinaraby.info\/2014-2020\/wp-json\/wp\/v2\/users\/6"}],"replies":[{"embeddable":true,"href":"https:\/\/przyjaznadolinaraby.info\/2014-2020\/wp-json\/wp\/v2\/comments?post=6846"}],"version-history":[{"count":0,"href":"https:\/\/przyjaznadolinaraby.info\/2014-2020\/wp-json\/wp\/v2\/posts\/6846\/revisions"}],"wp:attachment":[{"href":"https:\/\/przyjaznadolinaraby.info\/2014-2020\/wp-json\/wp\/v2\/media?parent=6846"}],"wp:term":[{"taxonomy":"category","embeddable":true,"href":"https:\/\/przyjaznadolinaraby.info\/2014-2020\/wp-json\/wp\/v2\/categories?post=6846"},{"taxonomy":"post_tag","embeddable":true,"href":"https:\/\/przyjaznadolinaraby.info\/2014-2020\/wp-json\/wp\/v2\/tags?post=6846"}],"curies":[{"name":"wp","href":"https:\/\/api.w.org\/{rel}","templated":true}]}}