{"id":8544,"date":"2021-07-26T14:41:06","date_gmt":"2021-07-26T12:41:06","guid":{"rendered":"http:\/\/przyjaznadolinaraby.info\/2014-2020\/?p=8544"},"modified":"2021-07-26T14:41:10","modified_gmt":"2021-07-26T12:41:10","slug":"zaproszenie-na-posiedzenie-rady-stowarzyszenia-przyjazna-dolina-raby-i-czarnej-orawy-2","status":"publish","type":"post","link":"https:\/\/przyjaznadolinaraby.info\/2014-2020\/zaproszenie-na-posiedzenie-rady-stowarzyszenia-przyjazna-dolina-raby-i-czarnej-orawy-2\/","title":{"rendered":"Zaproszenie na  Posiedzenie Rady  Stowarzyszenia Przyjazna Dolina Raby i Czarnej Orawy"},"content":{"rendered":"\n<p>Przewodnicz\u0105ca\nRady Stowarzyszenia Przyjazna Dolina Raby i Czarnej Orawy zgodnie z \u00a7 19 ust.\n1&nbsp; Regulaminu Rady, zaprasza cz\u0142onk\u00f3w\nRady &nbsp;na posiedzenie, kt\u00f3re\nodb\u0119dzie si\u0119 dnia <strong>02.08.2021 r. \/poniedzia\u0142ek\/ o godz. 09:00. <\/strong><\/p>\n\n\n\n<p>\u00a0\u00a0\u00a0\u00a0\u00a0\u00a0\u00a0\u00a0\u00a0\u00a0\u00a0\u00a0\u00a0\u00a0\u00a0\u00a0\u00a0\u00a0\u00a0\u00a0\u00a0\u00a0\u00a0\u00a0\u00a0\u00a0\u00a0\u00a0\u00a0\u00a0\u00a0\u00a0\u00a0\u00a0\u00a0\u00a0\u00a0\u00a0\u00a0\u00a0\u00a0\u00a0\u00a0\u00a0\u00a0\u00a0\u00a0\u00a0\u00a0\u00a0\u00a0\u00a0\u00a0\u00a0\u00a0\u00a0\u00a0\u00a0\u00a0\u00a0\u00a0\u00a0\u00a0\u00a0\u00a0\u00a0\u00a0\u00a0\u00a0\u00a0\u00a0\u00a0\u00a0\u00a0\u00a0\u00a0\u00a0 <br> <strong>Proponowany program Posiedzenia Rady\u00a0<\/strong><\/p>\n\n\n\n<ol><li>Otwarcie obrad i powitanie      zebranych cz\u0142onk\u00f3w Rady, stwierdzenie prawomocno\u015bci obrad.<\/li><li>Przedstawienie porz\u0105dku i      przyj\u0119cie porz\u0105dku obrad.<\/li><li>Podpisanie deklaracji\u00a0      bezstronno\u015bci i poufno\u015bci dotycz\u0105cych naboru nr 1\/2021.<\/li><li>Ocena zgodno\u015bci z LSR z\u0142o\u017conych      wniosk\u00f3w w ramach naboru nr 1\/2021.<\/li><li>Ocena wed\u0142ug lokalnych      kryteri\u00f3w wyboru operacji wniosk\u00f3w z\u0142o\u017conych w ramach naboru nr 1\/2021.<\/li><li>Ustalenie wysoko\u015bci kwot      wsparcia.<\/li><li>Sporz\u0105dzenie list operacji.<\/li><li>Podj\u0119cie uchwa\u0142 o wybraniu lub      niewybraniu operacji do finansowania oraz ustaleniu kwoty wsparcia.<\/li><li>Podpisanie deklaracji\u00a0      bezstronno\u015bci i poufno\u015bci dotycz\u0105cych naboru nr 2\/2021.<\/li><li>Ocena zgodno\u015bci z LSR z\u0142o\u017conych      wniosk\u00f3w w ramach naboru nr 2\/2021.<\/li><li>Ocena wed\u0142ug lokalnych      kryteri\u00f3w wyboru operacji wniosk\u00f3w z\u0142o\u017conych w ramach naboru nr 2\/2021.<\/li><li>Ustalenie wysoko\u015bci kwot      wsparcia.<\/li><li>Sporz\u0105dzenie list operacji.<\/li><li>Podj\u0119cie uchwa\u0142 o wybraniu lub      niewybraniu operacji do finansowania oraz ustaleniu kwoty wsparcia.<\/li><li>Podpisanie deklaracji\u00a0 bezstronno\u015bci i poufno\u015bci dotycz\u0105cych      naboru nr 3\/2021.<\/li><li>Ocena zgodno\u015bci z LSR z\u0142o\u017conych      wniosk\u00f3w w ramach naboru nr 3\/2021.<\/li><li>Ocena wed\u0142ug lokalnych      kryteri\u00f3w wyboru operacji wniosk\u00f3w z\u0142o\u017conych w ramach naboru nr 3\/2021.<\/li><li>Ustalenie wysoko\u015bci kwot      wsparcia.<\/li><li>Sporz\u0105dzenie list operacji.<\/li><li>Podj\u0119cie uchwa\u0142 o wybraniu lub      niewybraniu operacji do finansowania oraz ustaleniu kwoty wsparcia.<\/li><li>Podpisanie deklaracji\u00a0 bezstronno\u015bci i poufno\u015bci dotycz\u0105cych      naboru nr 4\/2021.<\/li><li>Ocena zgodno\u015bci z LSR z\u0142o\u017conych      wniosk\u00f3w w ramach naboru nr 4\/2021.<\/li><li>Ocena wed\u0142ug lokalnych      kryteri\u00f3w wyboru operacji wniosk\u00f3w z\u0142o\u017conych w ramach naboru nr 4\/2021.<\/li><li>Ustalenie wysoko\u015bci kwot      wsparcia.<\/li><li>Sporz\u0105dzenie list operacji.<\/li><li>Podj\u0119cie uchwa\u0142 o wybraniu lub      niewybraniu operacji do finansowania oraz ustaleniu kwoty wsparcia.<\/li><li>Zaopiniowanie przez Rad\u0119      wniosk\u00f3w beneficjent\u00f3w o zmian\u0119 umowy przyznania pomocy.<\/li><li>Wolne wnioski i zapytania.<\/li><li>Zako\u0144czenie posiedzenia.<\/li><\/ol>\n\n\n\n<p style=\"text-align:right\"><strong>Przewodnicz\u0105ca Rady<\/strong><\/p>\n\n\n\n<p style=\"text-align:right\"><strong>Stowarzyszenia Przyjazna Dolina Raby i Czarnej Orawy<\/strong> <\/p>\n\n\n\n<p style=\"text-align:right\"><em>Ma\u0142gorzata Kulawiak<\/em><\/p>\n","protected":false},"excerpt":{"rendered":"<p>Przewodnicz\u0105ca Rady Stowarzyszenia Przyjazna Dolina Raby i Czarnej Orawy zgodnie z \u00a7 19 ust. 1&nbsp; Regulaminu Rady, zaprasza cz\u0142onk\u00f3w Rady &nbsp;na posiedzenie, kt\u00f3re odb\u0119dzie si\u0119 dnia 02.08.2021 r. \/poniedzia\u0142ek\/ o godz. 09:00. \u00a0\u00a0\u00a0\u00a0\u00a0\u00a0\u00a0\u00a0\u00a0\u00a0\u00a0\u00a0\u00a0\u00a0\u00a0\u00a0\u00a0\u00a0\u00a0\u00a0\u00a0\u00a0\u00a0\u00a0\u00a0\u00a0\u00a0\u00a0\u00a0\u00a0\u00a0\u00a0\u00a0\u00a0\u00a0\u00a0\u00a0\u00a0\u00a0\u00a0\u00a0\u00a0\u00a0\u00a0\u00a0\u00a0\u00a0\u00a0\u00a0\u00a0\u00a0\u00a0\u00a0\u00a0\u00a0\u00a0\u00a0\u00a0\u00a0\u00a0\u00a0\u00a0\u00a0\u00a0\u00a0\u00a0\u00a0\u00a0\u00a0\u00a0\u00a0\u00a0\u00a0\u00a0\u00a0\u00a0\u00a0 Proponowany program Posiedzenia Rady\u00a0 Otwarcie obrad i powitanie zebranych cz\u0142onk\u00f3w Rady, stwierdzenie prawomocno\u015bci obrad. Przedstawienie porz\u0105dku i przyj\u0119cie porz\u0105dku obrad. Podpisanie deklaracji\u00a0 <a href=\"https:\/\/przyjaznadolinaraby.info\/2014-2020\/zaproszenie-na-posiedzenie-rady-stowarzyszenia-przyjazna-dolina-raby-i-czarnej-orawy-2\/\" class=\"more-link\">&#8230;<span class=\"screen-reader-text\">  Zaproszenie na  Posiedzenie Rady  Stowarzyszenia Przyjazna Dolina Raby i Czarnej Orawy<\/span><\/a><\/p>\n","protected":false},"author":6,"featured_media":0,"comment_status":"open","ping_status":"open","sticky":false,"template":"","format":"standard","meta":{"_monsterinsights_skip_tracking":false,"_monsterinsights_sitenote_active":false,"_monsterinsights_sitenote_note":"","_monsterinsights_sitenote_category":0,"footnotes":""},"categories":[3,1],"tags":[],"acf":[],"_links":{"self":[{"href":"https:\/\/przyjaznadolinaraby.info\/2014-2020\/wp-json\/wp\/v2\/posts\/8544"}],"collection":[{"href":"https:\/\/przyjaznadolinaraby.info\/2014-2020\/wp-json\/wp\/v2\/posts"}],"about":[{"href":"https:\/\/przyjaznadolinaraby.info\/2014-2020\/wp-json\/wp\/v2\/types\/post"}],"author":[{"embeddable":true,"href":"https:\/\/przyjaznadolinaraby.info\/2014-2020\/wp-json\/wp\/v2\/users\/6"}],"replies":[{"embeddable":true,"href":"https:\/\/przyjaznadolinaraby.info\/2014-2020\/wp-json\/wp\/v2\/comments?post=8544"}],"version-history":[{"count":0,"href":"https:\/\/przyjaznadolinaraby.info\/2014-2020\/wp-json\/wp\/v2\/posts\/8544\/revisions"}],"wp:attachment":[{"href":"https:\/\/przyjaznadolinaraby.info\/2014-2020\/wp-json\/wp\/v2\/media?parent=8544"}],"wp:term":[{"taxonomy":"category","embeddable":true,"href":"https:\/\/przyjaznadolinaraby.info\/2014-2020\/wp-json\/wp\/v2\/categories?post=8544"},{"taxonomy":"post_tag","embeddable":true,"href":"https:\/\/przyjaznadolinaraby.info\/2014-2020\/wp-json\/wp\/v2\/tags?post=8544"}],"curies":[{"name":"wp","href":"https:\/\/api.w.org\/{rel}","templated":true}]}}