{"id":860,"date":"2017-01-16T10:39:35","date_gmt":"2017-01-16T09:39:35","guid":{"rendered":"http:\/\/przyjaznadolinaraby.info\/2014-2020\/?p=860"},"modified":"2017-01-16T10:39:35","modified_gmt":"2017-01-16T09:39:35","slug":"stanowisko-rady-ws-zlozonych-protestow","status":"publish","type":"post","link":"https:\/\/przyjaznadolinaraby.info\/2014-2020\/stanowisko-rady-ws-zlozonych-protestow\/","title":{"rendered":"Stanowisko Rady w\/s z\u0142o\u017conych protest\u00f3w."},"content":{"rendered":"<p>Informujemy, \u017ce w dniu\u00a009\u00a0stycznia 2017 roku w siedzibie LGD\u00a0Stowarzyszenia Przyjazna Dolina Raby i Czarnej Orawy\u00a0o godz. 9.00 odby\u0142o si\u0119 kolejne posiedzenie Rady w sprawie weryfikacji wynik\u00f3w oceny operacji w zakresie kryteri\u00f3w i zarzut\u00f3w podnoszonych w protestach z\u0142o\u017conych do naboru 1\/2016.<\/p>\n<p>Do Biura LGD wp\u0142yn\u0119\u0142o pi\u0119\u0107 protest\u00f3w.<\/p>\n<p>Z protoko\u0142em z posiedzenia Rady oraz z tre\u015bci\u0105 podj\u0119tych uchwa\u0142 mo\u017cna zapozna\u0107 si\u0119 klikaj\u0105 w poni\u017cszy link:<\/p>\n<ul>\n<li><a href=\"http:\/\/przyjaznadolinaraby.info\/2014-2020\/wp-content\/uploads\/2017\/01\/Protok\u00f3\u0142-nr-2.pdf\">Protok\u00f3\u0142 Nr II\/2017<\/a><\/li>\n<li><a href=\"http:\/\/przyjaznadolinaraby.info\/2014-2020\/wp-content\/uploads\/2017\/01\/Uchwa\u0142a-nr-II-34-17.pdf\">Uchwa\u0142a nr II\/34\/17<\/a><\/li>\n<li><a href=\"http:\/\/przyjaznadolinaraby.info\/2014-2020\/wp-content\/uploads\/2017\/01\/Uchwa\u0142a-nr-II-35-17.pdf\">Uchwa\u0142a nr II\/35\/17<\/a><\/li>\n<\/ul>\n","protected":false},"excerpt":{"rendered":"<p>Informujemy, \u017ce w dniu\u00a009\u00a0stycznia 2017 roku w siedzibie LGD\u00a0Stowarzyszenia Przyjazna Dolina Raby i Czarnej Orawy\u00a0o godz. 9.00 odby\u0142o si\u0119 kolejne posiedzenie Rady w sprawie weryfikacji wynik\u00f3w oceny operacji w zakresie kryteri\u00f3w i zarzut\u00f3w podnoszonych w protestach z\u0142o\u017conych do naboru 1\/2016. Do Biura LGD wp\u0142yn\u0119\u0142o pi\u0119\u0107 protest\u00f3w. Z protoko\u0142em z posiedzenia Rady oraz z tre\u015bci\u0105 podj\u0119tych <a href=\"https:\/\/przyjaznadolinaraby.info\/2014-2020\/stanowisko-rady-ws-zlozonych-protestow\/\" class=\"more-link\">&#8230;<span class=\"screen-reader-text\">  Stanowisko Rady w\/s z\u0142o\u017conych protest\u00f3w.<\/span><\/a><\/p>\n","protected":false},"author":6,"featured_media":0,"comment_status":"open","ping_status":"open","sticky":false,"template":"","format":"standard","meta":{"_monsterinsights_skip_tracking":false,"_monsterinsights_sitenote_active":false,"_monsterinsights_sitenote_note":"","_monsterinsights_sitenote_category":0,"footnotes":""},"categories":[3],"tags":[],"acf":[],"_links":{"self":[{"href":"https:\/\/przyjaznadolinaraby.info\/2014-2020\/wp-json\/wp\/v2\/posts\/860"}],"collection":[{"href":"https:\/\/przyjaznadolinaraby.info\/2014-2020\/wp-json\/wp\/v2\/posts"}],"about":[{"href":"https:\/\/przyjaznadolinaraby.info\/2014-2020\/wp-json\/wp\/v2\/types\/post"}],"author":[{"embeddable":true,"href":"https:\/\/przyjaznadolinaraby.info\/2014-2020\/wp-json\/wp\/v2\/users\/6"}],"replies":[{"embeddable":true,"href":"https:\/\/przyjaznadolinaraby.info\/2014-2020\/wp-json\/wp\/v2\/comments?post=860"}],"version-history":[{"count":0,"href":"https:\/\/przyjaznadolinaraby.info\/2014-2020\/wp-json\/wp\/v2\/posts\/860\/revisions"}],"wp:attachment":[{"href":"https:\/\/przyjaznadolinaraby.info\/2014-2020\/wp-json\/wp\/v2\/media?parent=860"}],"wp:term":[{"taxonomy":"category","embeddable":true,"href":"https:\/\/przyjaznadolinaraby.info\/2014-2020\/wp-json\/wp\/v2\/categories?post=860"},{"taxonomy":"post_tag","embeddable":true,"href":"https:\/\/przyjaznadolinaraby.info\/2014-2020\/wp-json\/wp\/v2\/tags?post=860"}],"curies":[{"name":"wp","href":"https:\/\/api.w.org\/{rel}","templated":true}]}}