{"id":867,"date":"2017-01-24T10:32:16","date_gmt":"2017-01-24T09:32:16","guid":{"rendered":"http:\/\/przyjaznadolinaraby.info\/2014-2020\/?p=867"},"modified":"2018-03-06T09:56:38","modified_gmt":"2018-03-06T08:56:38","slug":"zapraszamy-na-spotkania-konsultacyjno-szkoleniowe-w-gminach-objetych-lsr-2","status":"publish","type":"post","link":"https:\/\/przyjaznadolinaraby.info\/2014-2020\/zapraszamy-na-spotkania-konsultacyjno-szkoleniowe-w-gminach-objetych-lsr-2\/","title":{"rendered":"Zapraszamy na spotkania konsultacyjno-szkoleniowe w gminach obj\u0119tych LSR."},"content":{"rendered":"<p><em><strong>Stowarzyszenie Przyjazna Dolina Raby i Czarnej Orawy zaprasza na spotkania z mieszka\u0144cami w poszczeg\u00f3lnych gminach.<\/strong><\/em><\/p>\n<p>Lipnica Wielka\u00a0\u00a0\u00a0\u00a0\u00a0\u00a0\u00a0\u00a0\u00a0\u00a0\u00a0\u00a0\u00a0\u00a0\u00a0\u00a0\u00a0\u00a0 02.02.2017 \u00a0\u00a0\u00a0\u00a0\u00a0\u00a0\u00a0\u00a0 godz. 10:00 \u00a0\u00a0\u00a0\u00a0\u00a0\u00a0\u00a0 Dom Ludowy<\/p>\n<p>Rabka Zdr\u00f3j\u00a0\u00a0\u00a0\u00a0\u00a0\u00a0\u00a0\u00a0\u00a0\u00a0\u00a0\u00a0\u00a0\u00a0\u00a0\u00a0\u00a0\u00a0\u00a0\u00a0\u00a0\u00a0 02.02.2017\u00a0\u00a0\u00a0\u00a0\u00a0\u00a0\u00a0\u00a0\u00a0 godz. 13:00 \u00a0\u00a0\u00a0\u00a0\u00a0\u00a0\u00a0 Urz\u0105d Miasta Rabka Zdr\u00f3j<\/p>\n<p>Spytkowice \u00a0\u00a0\u00a0\u00a0\u00a0\u00a0\u00a0\u00a0\u00a0\u00a0\u00a0\u00a0\u00a0\u00a0\u00a0\u00a0\u00a0\u00a0\u00a0\u00a0\u00a0\u00a0 06.02.2017 \u00a0\u00a0\u00a0\u00a0\u00a0\u00a0\u00a0\u00a0 godz. 11:00 \u00a0\u00a0\u00a0\u00a0\u00a0\u00a0\u00a0 Urz\u0105d Gminy Spytkowice<\/p>\n<p>Raba Wy\u017cna\u00a0 \u00a0\u00a0\u00a0\u00a0\u00a0\u00a0\u00a0\u00a0\u00a0\u00a0\u00a0\u00a0\u00a0\u00a0\u00a0\u00a0\u00a0\u00a0\u00a0 06.02.2017 \u00a0\u00a0\u00a0\u00a0\u00a0\u00a0\u00a0\u00a0 godz. 11:00 \u00a0\u00a0\u00a0\u00a0\u00a0\u00a0\u00a0 Urz\u0105d Gminy Raba Wy\u017cna<\/p>\n<p>Jab\u0142onka\u00a0\u00a0\u00a0\u00a0\u00a0\u00a0\u00a0\u00a0\u00a0\u00a0\u00a0\u00a0\u00a0\u00a0\u00a0\u00a0\u00a0\u00a0\u00a0\u00a0\u00a0\u00a0\u00a0\u00a0\u00a0\u00a0\u00a0\u00a0 07.02.2017 \u00a0\u00a0\u00a0\u00a0\u00a0\u00a0\u00a0\u00a0 godz. 16:00 \u00a0\u00a0\u00a0\u00a0\u00a0\u00a0\u00a0 Urz\u0105d Gminy Jab\u0142onka<\/p>\n<p><strong>Tematyka:<\/strong> Informacje o LGD, g\u0142\u00f3wne za\u0142o\u017cenia LSR na lata 2014-2020, harmonogram nabor\u00f3w na rok 2017, aktywizacja i motywacja realizacji swoich pomys\u0142\u00f3w w ramach LSR(mo\u017cliwe dofinansowania, warunki dofinansowa\u0144), wsparcie w przygotowaniu, realizacji i rozliczeniu projekt\u00f3w + analiza kryteri\u00f3w.<\/p>\n<p>W szczeg\u00f3lno\u015bci zapraszamy mieszka\u0144c\u00f3w obszaru LGD z <strong>grup defaworyzowanych czyli:<\/strong><\/p>\n<p><strong>&#8211; niepe\u0142nosprawnych, <\/strong><\/p>\n<p><strong>&#8211; m\u0142odych ludzi bez pracy ( do 35 roku \u017cycia),<\/strong><\/p>\n<p><strong>&#8211; starszych ludzi (po 65 roku \u017cycia) , <\/strong><\/p>\n<p><strong>&#8211; m\u0142odych rodzic\u00f3w, a szczeg\u00f3lnie m\u0142ode matki, w tym matki samotne ( do 35 roku \u017cycia).<\/strong><\/p>\n<p>&nbsp;<\/p>\n<p><em>Plakat do pobrania- <a href=\"http:\/\/przyjaznadolinaraby.info\/2014-2020\/wp-content\/uploads\/2017\/01\/plakat-szkolenia-2017.pdf\">plakat szkolenia 2017<\/a><\/em><\/p>\n<p><img decoding=\"async\" class=\"alignnone wp-image-872 size-full\" src=\"http:\/\/przyjaznadolinaraby.info\/2014-2020\/wp-content\/uploads\/2017\/01\/plak.jpg\" alt=\"plak\" width=\"605\" height=\"593\" srcset=\"https:\/\/przyjaznadolinaraby.info\/2014-2020\/wp-content\/uploads\/2017\/01\/plak.jpg 605w, https:\/\/przyjaznadolinaraby.info\/2014-2020\/wp-content\/uploads\/2017\/01\/plak-300x294.jpg 300w\" sizes=\"(max-width: 605px) 100vw, 605px\" \/><\/p>\n","protected":false},"excerpt":{"rendered":"<p>Stowarzyszenie Przyjazna Dolina Raby i Czarnej Orawy zaprasza na spotkania z mieszka\u0144cami w poszczeg\u00f3lnych gminach. Lipnica Wielka\u00a0\u00a0\u00a0\u00a0\u00a0\u00a0\u00a0\u00a0\u00a0\u00a0\u00a0\u00a0\u00a0\u00a0\u00a0\u00a0\u00a0\u00a0 02.02.2017 \u00a0\u00a0\u00a0\u00a0\u00a0\u00a0\u00a0\u00a0 godz. 10:00 \u00a0\u00a0\u00a0\u00a0\u00a0\u00a0\u00a0 Dom Ludowy Rabka Zdr\u00f3j\u00a0\u00a0\u00a0\u00a0\u00a0\u00a0\u00a0\u00a0\u00a0\u00a0\u00a0\u00a0\u00a0\u00a0\u00a0\u00a0\u00a0\u00a0\u00a0\u00a0\u00a0\u00a0 02.02.2017\u00a0\u00a0\u00a0\u00a0\u00a0\u00a0\u00a0\u00a0\u00a0 godz. 13:00 \u00a0\u00a0\u00a0\u00a0\u00a0\u00a0\u00a0 Urz\u0105d Miasta Rabka Zdr\u00f3j Spytkowice \u00a0\u00a0\u00a0\u00a0\u00a0\u00a0\u00a0\u00a0\u00a0\u00a0\u00a0\u00a0\u00a0\u00a0\u00a0\u00a0\u00a0\u00a0\u00a0\u00a0\u00a0\u00a0 06.02.2017 \u00a0\u00a0\u00a0\u00a0\u00a0\u00a0\u00a0\u00a0 godz. 11:00 \u00a0\u00a0\u00a0\u00a0\u00a0\u00a0\u00a0 Urz\u0105d Gminy Spytkowice Raba Wy\u017cna\u00a0 \u00a0\u00a0\u00a0\u00a0\u00a0\u00a0\u00a0\u00a0\u00a0\u00a0\u00a0\u00a0\u00a0\u00a0\u00a0\u00a0\u00a0\u00a0\u00a0 06.02.2017 \u00a0\u00a0\u00a0\u00a0\u00a0\u00a0\u00a0\u00a0 godz. 11:00 \u00a0\u00a0\u00a0\u00a0\u00a0\u00a0\u00a0 Urz\u0105d Gminy Raba <a href=\"https:\/\/przyjaznadolinaraby.info\/2014-2020\/zapraszamy-na-spotkania-konsultacyjno-szkoleniowe-w-gminach-objetych-lsr-2\/\" class=\"more-link\">&#8230;<span class=\"screen-reader-text\">  Zapraszamy na spotkania konsultacyjno-szkoleniowe w gminach obj\u0119tych LSR.<\/span><\/a><\/p>\n","protected":false},"author":6,"featured_media":869,"comment_status":"open","ping_status":"open","sticky":false,"template":"","format":"standard","meta":{"_monsterinsights_skip_tracking":false,"_monsterinsights_sitenote_active":false,"_monsterinsights_sitenote_note":"","_monsterinsights_sitenote_category":0,"footnotes":""},"categories":[3,1],"tags":[],"acf":[],"_links":{"self":[{"href":"https:\/\/przyjaznadolinaraby.info\/2014-2020\/wp-json\/wp\/v2\/posts\/867"}],"collection":[{"href":"https:\/\/przyjaznadolinaraby.info\/2014-2020\/wp-json\/wp\/v2\/posts"}],"about":[{"href":"https:\/\/przyjaznadolinaraby.info\/2014-2020\/wp-json\/wp\/v2\/types\/post"}],"author":[{"embeddable":true,"href":"https:\/\/przyjaznadolinaraby.info\/2014-2020\/wp-json\/wp\/v2\/users\/6"}],"replies":[{"embeddable":true,"href":"https:\/\/przyjaznadolinaraby.info\/2014-2020\/wp-json\/wp\/v2\/comments?post=867"}],"version-history":[{"count":0,"href":"https:\/\/przyjaznadolinaraby.info\/2014-2020\/wp-json\/wp\/v2\/posts\/867\/revisions"}],"wp:featuredmedia":[{"embeddable":true,"href":"https:\/\/przyjaznadolinaraby.info\/2014-2020\/wp-json\/wp\/v2\/media\/869"}],"wp:attachment":[{"href":"https:\/\/przyjaznadolinaraby.info\/2014-2020\/wp-json\/wp\/v2\/media?parent=867"}],"wp:term":[{"taxonomy":"category","embeddable":true,"href":"https:\/\/przyjaznadolinaraby.info\/2014-2020\/wp-json\/wp\/v2\/categories?post=867"},{"taxonomy":"post_tag","embeddable":true,"href":"https:\/\/przyjaznadolinaraby.info\/2014-2020\/wp-json\/wp\/v2\/tags?post=867"}],"curies":[{"name":"wp","href":"https:\/\/api.w.org\/{rel}","templated":true}]}}