{"id":8938,"date":"2021-11-24T12:28:41","date_gmt":"2021-11-24T11:28:41","guid":{"rendered":"http:\/\/przyjaznadolinaraby.info\/2014-2020\/?p=8938"},"modified":"2021-11-24T12:37:23","modified_gmt":"2021-11-24T11:37:23","slug":"dodatkowe-srodki-na-nabory","status":"publish","type":"post","link":"https:\/\/przyjaznadolinaraby.info\/2014-2020\/dodatkowe-srodki-na-nabory\/","title":{"rendered":"Dodatkowe \u015brodki na nabory"},"content":{"rendered":"\n<p>Mi\u0142o nam poinformowa\u0107, \u017ce przyznano nam dodatkowe \u015brodki na wdra\u017canie LSR w ramach przed\u0142u\u017conego okresu programowania PROW 2014-2020\/2023.<\/p>\n\n\n\n<p><strong>W dniu 8.11.2021 r.<\/strong> <strong>dyrektor biura Stowarzyszenia Przyjazna Dolina Raby i Czarnej Orawy Sylwia Krauzowicz<\/strong> <strong>odebra\u0142a Aneks do Umowy Ramowej.<\/strong><\/p>\n\n\n\n<p>\u015arodki unijne pochodz\u0105 z przed\u0142u\u017cenia Programu Rozwoju Obszar\u00f3w Wiejskich na lata 2014-2020 i dzi\u0119ki nim  ju\u017c w przysz\u0142ym roku og\u0142osimy kolejne nabory.  <\/p>\n\n\n\n<p>Szczeg\u00f3\u0142owe informacje o naborach podamy Pa\u0144stwu po uzgodnieniu i zatwierdzeniu przez UMWM limitu \u015brodk\u00f3w i terminu naboru wniosk\u00f3w. <\/p>\n\n\n\n<p><em> zdj\u0119cia: Urz\u0105d Marsza\u0142kowski Wojew\u00f3dztwa Ma\u0142opolskiego <\/em><\/p>\n\n\n\n<figure class=\"wp-block-image\"><img decoding=\"async\" width=\"1000\" height=\"667\" src=\"http:\/\/przyjaznadolinaraby.info\/2014-2020\/wp-content\/uploads\/2021\/11\/GLY_6730.jpg\" alt=\"\" class=\"wp-image-8939\" srcset=\"https:\/\/przyjaznadolinaraby.info\/2014-2020\/wp-content\/uploads\/2021\/11\/GLY_6730.jpg 1000w, https:\/\/przyjaznadolinaraby.info\/2014-2020\/wp-content\/uploads\/2021\/11\/GLY_6730-300x200.jpg 300w\" sizes=\"(max-width: 1000px) 100vw, 1000px\" \/><\/figure>\n\n\n\n<figure class=\"wp-block-image\"><img decoding=\"async\" width=\"1000\" height=\"667\" src=\"http:\/\/przyjaznadolinaraby.info\/2014-2020\/wp-content\/uploads\/2021\/11\/GLY_6729.jpg\" alt=\"\" class=\"wp-image-8940\" srcset=\"https:\/\/przyjaznadolinaraby.info\/2014-2020\/wp-content\/uploads\/2021\/11\/GLY_6729.jpg 1000w, https:\/\/przyjaznadolinaraby.info\/2014-2020\/wp-content\/uploads\/2021\/11\/GLY_6729-300x200.jpg 300w\" sizes=\"(max-width: 1000px) 100vw, 1000px\" \/><\/figure>\n\n\n\n<figure class=\"wp-block-image\"><img decoding=\"async\" width=\"1000\" height=\"667\" src=\"http:\/\/przyjaznadolinaraby.info\/2014-2020\/wp-content\/uploads\/2021\/11\/GLY_6939.jpg\" alt=\"\" class=\"wp-image-8941\" srcset=\"https:\/\/przyjaznadolinaraby.info\/2014-2020\/wp-content\/uploads\/2021\/11\/GLY_6939.jpg 1000w, https:\/\/przyjaznadolinaraby.info\/2014-2020\/wp-content\/uploads\/2021\/11\/GLY_6939-300x200.jpg 300w\" sizes=\"(max-width: 1000px) 100vw, 1000px\" \/><\/figure>\n","protected":false},"excerpt":{"rendered":"<p>Mi\u0142o nam poinformowa\u0107, \u017ce przyznano nam dodatkowe \u015brodki na wdra\u017canie LSR w ramach przed\u0142u\u017conego okresu programowania PROW 2014-2020\/2023. W dniu 8.11.2021 r. dyrektor biura Stowarzyszenia Przyjazna Dolina Raby i Czarnej Orawy Sylwia Krauzowicz odebra\u0142a Aneks do Umowy Ramowej. \u015arodki unijne pochodz\u0105 z przed\u0142u\u017cenia Programu Rozwoju Obszar\u00f3w Wiejskich na lata 2014-2020 i dzi\u0119ki nim ju\u017c w <a href=\"https:\/\/przyjaznadolinaraby.info\/2014-2020\/dodatkowe-srodki-na-nabory\/\" class=\"more-link\">&#8230;<span class=\"screen-reader-text\">  Dodatkowe \u015brodki na nabory<\/span><\/a><\/p>\n","protected":false},"author":6,"featured_media":0,"comment_status":"open","ping_status":"open","sticky":false,"template":"","format":"standard","meta":{"_monsterinsights_skip_tracking":false,"_monsterinsights_sitenote_active":false,"_monsterinsights_sitenote_note":"","_monsterinsights_sitenote_category":0,"footnotes":""},"categories":[3,1],"tags":[],"acf":[],"_links":{"self":[{"href":"https:\/\/przyjaznadolinaraby.info\/2014-2020\/wp-json\/wp\/v2\/posts\/8938"}],"collection":[{"href":"https:\/\/przyjaznadolinaraby.info\/2014-2020\/wp-json\/wp\/v2\/posts"}],"about":[{"href":"https:\/\/przyjaznadolinaraby.info\/2014-2020\/wp-json\/wp\/v2\/types\/post"}],"author":[{"embeddable":true,"href":"https:\/\/przyjaznadolinaraby.info\/2014-2020\/wp-json\/wp\/v2\/users\/6"}],"replies":[{"embeddable":true,"href":"https:\/\/przyjaznadolinaraby.info\/2014-2020\/wp-json\/wp\/v2\/comments?post=8938"}],"version-history":[{"count":0,"href":"https:\/\/przyjaznadolinaraby.info\/2014-2020\/wp-json\/wp\/v2\/posts\/8938\/revisions"}],"wp:attachment":[{"href":"https:\/\/przyjaznadolinaraby.info\/2014-2020\/wp-json\/wp\/v2\/media?parent=8938"}],"wp:term":[{"taxonomy":"category","embeddable":true,"href":"https:\/\/przyjaznadolinaraby.info\/2014-2020\/wp-json\/wp\/v2\/categories?post=8938"},{"taxonomy":"post_tag","embeddable":true,"href":"https:\/\/przyjaznadolinaraby.info\/2014-2020\/wp-json\/wp\/v2\/tags?post=8938"}],"curies":[{"name":"wp","href":"https:\/\/api.w.org\/{rel}","templated":true}]}}