{"id":9018,"date":"2022-01-25T11:44:50","date_gmt":"2022-01-25T10:44:50","guid":{"rendered":"http:\/\/przyjaznadolinaraby.info\/2014-2020\/?p=9018"},"modified":"2022-01-25T12:32:20","modified_gmt":"2022-01-25T11:32:20","slug":"zaproszenie-na-walne-zebranie-czlonkow-stowarzyszenia-przyjazna-dolina-raby-i-czarnej-orawy-6","status":"publish","type":"post","link":"https:\/\/przyjaznadolinaraby.info\/2014-2020\/zaproszenie-na-walne-zebranie-czlonkow-stowarzyszenia-przyjazna-dolina-raby-i-czarnej-orawy-6\/","title":{"rendered":"Zaproszenie na Walne Zebranie Cz\u0142onk\u00f3w Stowarzyszenia Przyjazna Dolina Raby i Czarnej Orawy"},"content":{"rendered":"\n<p>Stowarzyszenie Przyjazna Dolina Raby i Czarnej Orawy serdecznie zaprasza na Walne Zebranie Cz\u0142onk\u00f3w Stowarzyszenia, kt\u00f3re odb\u0119dzie si\u0119 <br><strong>09.02.2022 r.<\/strong>\u00a0o godzinie\u00a0<strong>16.00<\/strong>\u00a0na Sali obrad Urz\u0119du Gminy w Rabie Wy\u017cnej.<\/p>\n\n\n\n<p><a><strong>Proponowany porz\u0105dek obrad:<\/strong><\/a><\/p>\n\n\n\n<p>1. Otwarcie obrad i\nstwierdzenie prawomocno\u015bci.<\/p>\n\n\n\n<p>2. Wyb\u00f3r\nPrzewodnicz\u0105cego Zebrania i Protokolanta<\/p>\n\n\n\n<p>3. Przedstawienie\nporz\u0105dku obrad<\/p>\n\n\n\n<p>4. Zg\u0142aszanie uwag do\nporz\u0105dku obrad<\/p>\n\n\n\n<p>5. Przyj\u0119cie porz\u0105dku\nobrad<\/p>\n\n\n\n<p>6. Wyb\u00f3r komisji\nskrutacyjnej.<\/p>\n\n\n\n<p>7. Sprawozdanie\nfinansowe za 2021 rok:<\/p>\n\n\n\n<p>a) om\u00f3wienie\nsprawozdania finansowego za 2021 rok<\/p>\n\n\n\n<p>b) sprawozdanie z\ndzia\u0142alno\u015bci LGD w 2021 roku<\/p>\n\n\n\n<p>c) raport z ewaluacji\n2021<\/p>\n\n\n\n<p>d) opinia Komisji\nRewizyjnej<\/p>\n\n\n\n<p>e) podj\u0119cie uchwa\u0142y w\nsprawie zatwierdzenia sprawozdania finansowego za 2021 rok<\/p>\n\n\n\n<p>f) podj\u0119cie uchwa\u0142y w\nsprawie zatwierdzenia sprawozdania z pracy Zarz\u0105du Stowarzyszenia<\/p>\n\n\n\n<p>g) podj\u0119cie uchwa\u0142y w\nsprawie udzielenia absolutorium cz\u0142onkom Zarz\u0105du<\/p>\n\n\n\n<p>h) podj\u0119cie uchwa\u0142y w\nsprawie zatwierdzenia sprawozdania z dzia\u0142alno\u015bci Rady<\/p>\n\n\n\n<p>i) podj\u0119cie uchwa\u0142y w\nsprawie udzielenia absolutorium cz\u0142onkom Rady<\/p>\n\n\n\n<p>j) podj\u0119cie uchwa\u0142y w\nsprawie zatwierdzenia sprawozdania z dzia\u0142alno\u015bci Komisji Rewizyjnej<\/p>\n\n\n\n<p>k) podj\u0119cie uchwa\u0142y w\nsprawie udzielenia absolutorium cz\u0142onkom Komisji Rewizyjnej<\/p>\n\n\n\n<p>8. Podj\u0119cie uchwa\u0142 w\nsprawie ustalenia wysoko\u015bci sk\u0142adki cz\u0142onkowskiej na rok 2021.<\/p>\n\n\n\n<p>9. Podj\u0119cie uchwa\u0142y w\nsprawie odwo\u0142ania cz\u0142onka Rady<\/p>\n\n\n\n<p>10. Podj\u0119cie uchwa\u0142y w\nsprawie wyboru cz\u0142onka Rady.<\/p>\n\n\n\n<p>11.Wolne wnioski.<\/p>\n\n\n\n<p>12.Zamkni\u0119cie\nposiedzenia<\/p>\n","protected":false},"excerpt":{"rendered":"<p>Stowarzyszenie Przyjazna Dolina Raby i Czarnej Orawy serdecznie zaprasza na Walne Zebranie Cz\u0142onk\u00f3w Stowarzyszenia, kt\u00f3re odb\u0119dzie si\u0119 09.02.2022 r.\u00a0o godzinie\u00a016.00\u00a0na Sali obrad Urz\u0119du Gminy w Rabie Wy\u017cnej. Proponowany porz\u0105dek obrad: 1. Otwarcie obrad i stwierdzenie prawomocno\u015bci. 2. Wyb\u00f3r Przewodnicz\u0105cego Zebrania i Protokolanta 3. Przedstawienie porz\u0105dku obrad 4. Zg\u0142aszanie uwag do porz\u0105dku obrad 5. Przyj\u0119cie porz\u0105dku <a href=\"https:\/\/przyjaznadolinaraby.info\/2014-2020\/zaproszenie-na-walne-zebranie-czlonkow-stowarzyszenia-przyjazna-dolina-raby-i-czarnej-orawy-6\/\" class=\"more-link\">&#8230;<span class=\"screen-reader-text\">  Zaproszenie na Walne Zebranie Cz\u0142onk\u00f3w Stowarzyszenia Przyjazna Dolina Raby i Czarnej Orawy<\/span><\/a><\/p>\n","protected":false},"author":6,"featured_media":0,"comment_status":"open","ping_status":"open","sticky":false,"template":"","format":"standard","meta":{"_monsterinsights_skip_tracking":false,"_monsterinsights_sitenote_active":false,"_monsterinsights_sitenote_note":"","_monsterinsights_sitenote_category":0,"footnotes":""},"categories":[3,1],"tags":[],"acf":[],"_links":{"self":[{"href":"https:\/\/przyjaznadolinaraby.info\/2014-2020\/wp-json\/wp\/v2\/posts\/9018"}],"collection":[{"href":"https:\/\/przyjaznadolinaraby.info\/2014-2020\/wp-json\/wp\/v2\/posts"}],"about":[{"href":"https:\/\/przyjaznadolinaraby.info\/2014-2020\/wp-json\/wp\/v2\/types\/post"}],"author":[{"embeddable":true,"href":"https:\/\/przyjaznadolinaraby.info\/2014-2020\/wp-json\/wp\/v2\/users\/6"}],"replies":[{"embeddable":true,"href":"https:\/\/przyjaznadolinaraby.info\/2014-2020\/wp-json\/wp\/v2\/comments?post=9018"}],"version-history":[{"count":0,"href":"https:\/\/przyjaznadolinaraby.info\/2014-2020\/wp-json\/wp\/v2\/posts\/9018\/revisions"}],"wp:attachment":[{"href":"https:\/\/przyjaznadolinaraby.info\/2014-2020\/wp-json\/wp\/v2\/media?parent=9018"}],"wp:term":[{"taxonomy":"category","embeddable":true,"href":"https:\/\/przyjaznadolinaraby.info\/2014-2020\/wp-json\/wp\/v2\/categories?post=9018"},{"taxonomy":"post_tag","embeddable":true,"href":"https:\/\/przyjaznadolinaraby.info\/2014-2020\/wp-json\/wp\/v2\/tags?post=9018"}],"curies":[{"name":"wp","href":"https:\/\/api.w.org\/{rel}","templated":true}]}}