{"id":902,"date":"2017-02-08T11:21:44","date_gmt":"2017-02-08T10:21:44","guid":{"rendered":"http:\/\/przyjaznadolinaraby.info\/2014-2020\/?p=902"},"modified":"2018-03-06T09:55:33","modified_gmt":"2018-03-06T08:55:33","slug":"zaproszenie-na-walne-zebranie-czlonkow-stowarzyszenia-przyjazna-dolina-raby-i-czarnej-orawy","status":"publish","type":"post","link":"https:\/\/przyjaznadolinaraby.info\/2014-2020\/zaproszenie-na-walne-zebranie-czlonkow-stowarzyszenia-przyjazna-dolina-raby-i-czarnej-orawy\/","title":{"rendered":"Zaproszenie na  Walne Zebranie Cz\u0142onk\u00f3w Stowarzyszenia Przyjazna Dolina Raby i Czarnej Orawy"},"content":{"rendered":"<p>Stowarzyszenie Przyjazna Dolina Raby i Czarnej Orawy serdecznie zaprasza na Walne Zebranie Cz\u0142onk\u00f3w Stowarzyszenia, kt\u00f3re odb\u0119dzie si\u0119 22.02.2017 (\u015broda) o godzinie 12.00\u00a0 na Sali obrad Urz\u0119du Gminy w Rabie Wy\u017cnej.<\/p>\n<p><strong>Proponowany porz\u0105dek obrad przedstawia si\u0119 nast\u0119puj\u0105co:<\/strong><br \/>\n1. Otwarcie obrad i stwierdzenie prawomocno\u015bci.<br \/>\n2. Wyb\u00f3r Przewodnicz\u0105cego Zebrania i Protokolanta<br \/>\n3. Przedstawienie porz\u0105dku obrad<br \/>\n4. Zg\u0142aszanie uwag do porz\u0105dku obrad<br \/>\n5. Przyj\u0119cie porz\u0105dku obrad<br \/>\n6. Wyb\u00f3r komisji skrutacyjnej.<br \/>\n7. Sprawozdanie finansowe za 2016 rok:<br \/>\na) om\u00f3wienie sprawozdania finansowego za 2016 rok<br \/>\nb) sprawozdanie z dzia\u0142alno\u015bci LGD w 2016 roku<br \/>\nc) raport wdra\u017cania LSR<br \/>\nd) opinia Komisji Rewizyjnej<br \/>\ne) podj\u0119cie uchwa\u0142y w sprawie zatwierdzenia sprawozdania finansowego za 2016 rok<br \/>\nf) podj\u0119cie uchwa\u0142y w sprawie zatwierdzenia sprawozdania z pracy Zarz\u0105du Stowarzyszenia<br \/>\ng) podj\u0119cie uchwa\u0142y w sprawie udzielenia absolutorium cz\u0142onkom Zarz\u0105du<br \/>\nh) podj\u0119cie uchwa\u0142y w sprawie zatwierdzenia sprawozdania z dzia\u0142alno\u015bci Rady<br \/>\ni) podj\u0119cie uchwa\u0142y w sprawie udzielenia absolutorium cz\u0142onkom Rady<br \/>\nj) podj\u0119cie uchwa\u0142y w sprawie zatwierdzenia sprawozdania z dzia\u0142alno\u015bci Komisji Rewizyjnej<br \/>\nk) podj\u0119cie uchwa\u0142y w sprawie udzielenia absolutorium cz\u0142onkom Komisji Rewizyjnej<br \/>\n8. Podj\u0119cie uchwa\u0142 w sprawie ustalenia wysoko\u015bci sk\u0142adki cz\u0142onkowskiej na rok 2017<br \/>\n9. Podj\u0119cie uchwa\u0142y w sprawie zmiany uchwa\u0142y w sprawie przyj\u0119cia Regulaminu Rady Stowarzyszenia Przyjazna Dolina Raby i Czarnej Orawy<br \/>\n10. Podj\u0119cie uchwa\u0142y w sprawie zmiany uchwa\u0142y w sprawie przyj\u0119cia lokalnych kryteri\u00f3w wyboru projekt\u00f3w w ramach Programu Rozwoju Obszar\u00f3w Wiejskich na lata 2014 \u2013 2020.<br \/>\n11. Podj\u0119cie uchwa\u0142y w sprawie zmiany uchwa\u0142y w sprawie zatwierdzenia Strategii Rozwoju Lokalnego Kierowanego przez Spo\u0142eczno\u015b\u0107 obj\u0119ta Programem Rozwoju Obszar\u00f3w Wiejskich na lata 2014\u20132020 Stowarzyszenia Przyjazna Dolina Raby i Czarnej Orawy.<br \/>\n12. Wolne wnioski.<br \/>\n13. Zamkni\u0119cie posiedzenia.<\/p>\n","protected":false},"excerpt":{"rendered":"<p>Stowarzyszenie Przyjazna Dolina Raby i Czarnej Orawy serdecznie zaprasza na Walne Zebranie Cz\u0142onk\u00f3w Stowarzyszenia, kt\u00f3re odb\u0119dzie si\u0119 22.02.2017 (\u015broda) o godzinie 12.00\u00a0 na Sali obrad Urz\u0119du Gminy w Rabie Wy\u017cnej. Proponowany porz\u0105dek obrad przedstawia si\u0119 nast\u0119puj\u0105co: 1. Otwarcie obrad i stwierdzenie prawomocno\u015bci. 2. Wyb\u00f3r Przewodnicz\u0105cego Zebrania i Protokolanta 3. Przedstawienie porz\u0105dku obrad 4. Zg\u0142aszanie uwag <a href=\"https:\/\/przyjaznadolinaraby.info\/2014-2020\/zaproszenie-na-walne-zebranie-czlonkow-stowarzyszenia-przyjazna-dolina-raby-i-czarnej-orawy\/\" class=\"more-link\">&#8230;<span class=\"screen-reader-text\">  Zaproszenie na  Walne Zebranie Cz\u0142onk\u00f3w Stowarzyszenia Przyjazna Dolina Raby i Czarnej Orawy<\/span><\/a><\/p>\n","protected":false},"author":6,"featured_media":0,"comment_status":"open","ping_status":"open","sticky":false,"template":"","format":"standard","meta":{"_monsterinsights_skip_tracking":false,"_monsterinsights_sitenote_active":false,"_monsterinsights_sitenote_note":"","_monsterinsights_sitenote_category":0,"footnotes":""},"categories":[3,1],"tags":[],"acf":[],"_links":{"self":[{"href":"https:\/\/przyjaznadolinaraby.info\/2014-2020\/wp-json\/wp\/v2\/posts\/902"}],"collection":[{"href":"https:\/\/przyjaznadolinaraby.info\/2014-2020\/wp-json\/wp\/v2\/posts"}],"about":[{"href":"https:\/\/przyjaznadolinaraby.info\/2014-2020\/wp-json\/wp\/v2\/types\/post"}],"author":[{"embeddable":true,"href":"https:\/\/przyjaznadolinaraby.info\/2014-2020\/wp-json\/wp\/v2\/users\/6"}],"replies":[{"embeddable":true,"href":"https:\/\/przyjaznadolinaraby.info\/2014-2020\/wp-json\/wp\/v2\/comments?post=902"}],"version-history":[{"count":0,"href":"https:\/\/przyjaznadolinaraby.info\/2014-2020\/wp-json\/wp\/v2\/posts\/902\/revisions"}],"wp:attachment":[{"href":"https:\/\/przyjaznadolinaraby.info\/2014-2020\/wp-json\/wp\/v2\/media?parent=902"}],"wp:term":[{"taxonomy":"category","embeddable":true,"href":"https:\/\/przyjaznadolinaraby.info\/2014-2020\/wp-json\/wp\/v2\/categories?post=902"},{"taxonomy":"post_tag","embeddable":true,"href":"https:\/\/przyjaznadolinaraby.info\/2014-2020\/wp-json\/wp\/v2\/tags?post=902"}],"curies":[{"name":"wp","href":"https:\/\/api.w.org\/{rel}","templated":true}]}}