{"id":9155,"date":"2022-02-23T12:10:13","date_gmt":"2022-02-23T11:10:13","guid":{"rendered":"http:\/\/przyjaznadolinaraby.info\/2014-2020\/?p=9155"},"modified":"2022-03-02T12:14:35","modified_gmt":"2022-03-02T11:14:35","slug":"zaproszenie-na-nadzwyczajne-walne-zebranie-czlonkow-stowarzyszenia-przyjazna-dolina-raby-i-czarnej-orawy-9","status":"publish","type":"post","link":"https:\/\/przyjaznadolinaraby.info\/2014-2020\/zaproszenie-na-nadzwyczajne-walne-zebranie-czlonkow-stowarzyszenia-przyjazna-dolina-raby-i-czarnej-orawy-9\/","title":{"rendered":"Zaproszenie na Nadzwyczajne Walne Zebranie Cz\u0142onk\u00f3w Stowarzyszenia Przyjazna Dolina Raby i Czarnej Orawy"},"content":{"rendered":"\n<p>Stowarzyszenie Przyjazna Dolina Raby i Czarnej Orawy serdecznie zaprasza na Nadzwyczajne Walne Zebranie Cz\u0142onk\u00f3w Stowarzyszenia, kt\u00f3re odb\u0119dzie si\u0119<strong>02.03.2022 r.<\/strong> o godzinie <strong>09.00<\/strong>\u00a0na Sali obrad Urz\u0119du Gminy w Rabie Wy\u017cnej.<\/p>\n\n\n\n<p>Proponowany porz\u0105dek\nobrad:<\/p>\n\n\n\n<ol><li>Otwarcie\nobrad i stwierdzenie prawomocno\u015bci.<\/li><li>Wyb\u00f3r\nPrzewodnicz\u0105cego Zebrania i Protokolanta<\/li><li>Przedstawienie\nporz\u0105dku obrad<\/li><li>Zg\u0142aszanie\nuwag do porz\u0105dku obrad<\/li><li>Przyj\u0119cie\nporz\u0105dku obrad<\/li><li>Wyb\u00f3r\nkomisji skrutacyjnej.<\/li><li>Podj\u0119cie\nuchwa\u0142y w sprawie odwo\u0142ania cz\u0142onka Rady<\/li><li>Podj\u0119cie\nuchwa\u0142y w sprawie wyboru cz\u0142onka Rady<\/li><li>Podj\u0119cie\nuchwa\u0142y w sprawie aktualizacji danych cz\u0142onka Rady.<\/li><li>Wolne\nwnioski.<\/li><li>Zamkni\u0119cie\nposiedzenia<\/li><\/ol>\n\n\n\n<p> <\/p>\n","protected":false},"excerpt":{"rendered":"<p>Stowarzyszenie Przyjazna Dolina Raby i Czarnej Orawy serdecznie zaprasza na Nadzwyczajne Walne Zebranie Cz\u0142onk\u00f3w Stowarzyszenia, kt\u00f3re odb\u0119dzie si\u011902.03.2022 r. o godzinie 09.00\u00a0na Sali obrad Urz\u0119du Gminy w Rabie Wy\u017cnej. Proponowany porz\u0105dek obrad: Otwarcie obrad i stwierdzenie prawomocno\u015bci. Wyb\u00f3r Przewodnicz\u0105cego Zebrania i Protokolanta Przedstawienie porz\u0105dku obrad Zg\u0142aszanie uwag do porz\u0105dku obrad Przyj\u0119cie porz\u0105dku obrad Wyb\u00f3r komisji <a href=\"https:\/\/przyjaznadolinaraby.info\/2014-2020\/zaproszenie-na-nadzwyczajne-walne-zebranie-czlonkow-stowarzyszenia-przyjazna-dolina-raby-i-czarnej-orawy-9\/\" class=\"more-link\">&#8230;<span class=\"screen-reader-text\">  Zaproszenie na Nadzwyczajne Walne Zebranie Cz\u0142onk\u00f3w Stowarzyszenia Przyjazna Dolina Raby i Czarnej Orawy<\/span><\/a><\/p>\n","protected":false},"author":6,"featured_media":0,"comment_status":"open","ping_status":"open","sticky":false,"template":"","format":"standard","meta":{"_monsterinsights_skip_tracking":false,"_monsterinsights_sitenote_active":false,"_monsterinsights_sitenote_note":"","_monsterinsights_sitenote_category":0,"footnotes":""},"categories":[3,1],"tags":[],"acf":[],"_links":{"self":[{"href":"https:\/\/przyjaznadolinaraby.info\/2014-2020\/wp-json\/wp\/v2\/posts\/9155"}],"collection":[{"href":"https:\/\/przyjaznadolinaraby.info\/2014-2020\/wp-json\/wp\/v2\/posts"}],"about":[{"href":"https:\/\/przyjaznadolinaraby.info\/2014-2020\/wp-json\/wp\/v2\/types\/post"}],"author":[{"embeddable":true,"href":"https:\/\/przyjaznadolinaraby.info\/2014-2020\/wp-json\/wp\/v2\/users\/6"}],"replies":[{"embeddable":true,"href":"https:\/\/przyjaznadolinaraby.info\/2014-2020\/wp-json\/wp\/v2\/comments?post=9155"}],"version-history":[{"count":0,"href":"https:\/\/przyjaznadolinaraby.info\/2014-2020\/wp-json\/wp\/v2\/posts\/9155\/revisions"}],"wp:attachment":[{"href":"https:\/\/przyjaznadolinaraby.info\/2014-2020\/wp-json\/wp\/v2\/media?parent=9155"}],"wp:term":[{"taxonomy":"category","embeddable":true,"href":"https:\/\/przyjaznadolinaraby.info\/2014-2020\/wp-json\/wp\/v2\/categories?post=9155"},{"taxonomy":"post_tag","embeddable":true,"href":"https:\/\/przyjaznadolinaraby.info\/2014-2020\/wp-json\/wp\/v2\/tags?post=9155"}],"curies":[{"name":"wp","href":"https:\/\/api.w.org\/{rel}","templated":true}]}}