{"id":9206,"date":"2022-05-12T08:25:39","date_gmt":"2022-05-12T06:25:39","guid":{"rendered":"http:\/\/przyjaznadolinaraby.info\/2014-2020\/?p=9206"},"modified":"2022-05-13T09:59:42","modified_gmt":"2022-05-13T07:59:42","slug":"zaproszenie-na-nadzwyczajne-walne-zebranie-czlonkow-stowarzyszenia-przyjazna-dolina-raby-i-czarnej-orawy-10","status":"publish","type":"post","link":"https:\/\/przyjaznadolinaraby.info\/2014-2020\/zaproszenie-na-nadzwyczajne-walne-zebranie-czlonkow-stowarzyszenia-przyjazna-dolina-raby-i-czarnej-orawy-10\/","title":{"rendered":"Zaproszenie na Nadzwyczajne Walne Zebranie Cz\u0142onk\u00f3w Stowarzyszenia Przyjazna Dolina Raby i Czarnej Orawy"},"content":{"rendered":"\n<p>Stowarzyszenie Przyjazna Dolina Raby i Czarnej Orawy serdecznie zaprasza na Nadzwyczajne Walne Zebranie Cz\u0142onk\u00f3w Stowarzyszenia, kt\u00f3re odb\u0119dzie si\u0119<strong> 19.05.2022 r.<\/strong>\u00a0o godzinie\u00a0<strong>16.00<\/strong>\u00a0na Sali obrad Urz\u0119du Gminy w Rabie Wy\u017cnej. <\/p>\n\n\n\n<p><a><strong>Proponowany porz\u0105dek obrad:<\/strong><\/a><\/p>\n\n\n\n<p>1.&nbsp;&nbsp;&nbsp;&nbsp;&nbsp;&nbsp;&nbsp;Otwarcie obrad i stwierdzenie prawomocno\u015bci.<\/p>\n\n\n\n<p>2.&nbsp;&nbsp;&nbsp;&nbsp;&nbsp;&nbsp;Wyb\u00f3r Przewodnicz\u0105cego Zebrania i Protokolanta.<\/p>\n\n\n\n<p>3.&nbsp;&nbsp;&nbsp;&nbsp;&nbsp;&nbsp;Przedstawienie porz\u0105dku obrad.<\/p>\n\n\n\n<p>4.&nbsp;&nbsp;&nbsp;&nbsp;&nbsp;Zg\u0142aszanie uwag do porz\u0105dku obrad.<\/p>\n\n\n\n<p>5.&nbsp;&nbsp;&nbsp;&nbsp;&nbsp;&nbsp;Przyj\u0119cie porz\u0105dku obrad.<\/p>\n\n\n\n<p>6.&nbsp;&nbsp;&nbsp;&nbsp;&nbsp;Wyb\u00f3r komisji skrutacyjnej.<\/p>\n\n\n\n<p>7.&nbsp;&nbsp;&nbsp;&nbsp;&nbsp;&nbsp;Podj\u0119cie uchwa\u0142y w sprawie zmiany siedziby biura Stowarzyszenia.<\/p>\n\n\n\n<p>8.&nbsp;&nbsp;&nbsp;&nbsp;&nbsp;Podj\u0119cie uchwa\u0142y w sprawie zmiany Statutu Stowarzyszenia Przyjazna Dolina Raby i Czarnej Orawy<\/p>\n\n\n\n<p>9.&nbsp;&nbsp;&nbsp;&nbsp;&nbsp;Wolne wnioski.<\/p>\n\n\n\n<p>10.&nbsp;&nbsp;&nbsp;Zamkni\u0119cie posiedzenia.<\/p>\n","protected":false},"excerpt":{"rendered":"<p>Stowarzyszenie Przyjazna Dolina Raby i Czarnej Orawy serdecznie zaprasza na Nadzwyczajne Walne Zebranie Cz\u0142onk\u00f3w Stowarzyszenia, kt\u00f3re odb\u0119dzie si\u0119 19.05.2022 r.\u00a0o godzinie\u00a016.00\u00a0na Sali obrad Urz\u0119du Gminy w Rabie Wy\u017cnej. Proponowany porz\u0105dek obrad: 1.&nbsp;&nbsp;&nbsp;&nbsp;&nbsp;&nbsp;&nbsp;Otwarcie obrad i stwierdzenie prawomocno\u015bci. 2.&nbsp;&nbsp;&nbsp;&nbsp;&nbsp;&nbsp;Wyb\u00f3r Przewodnicz\u0105cego Zebrania i Protokolanta. 3.&nbsp;&nbsp;&nbsp;&nbsp;&nbsp;&nbsp;Przedstawienie porz\u0105dku obrad. 4.&nbsp;&nbsp;&nbsp;&nbsp;&nbsp;Zg\u0142aszanie uwag do porz\u0105dku obrad. 5.&nbsp;&nbsp;&nbsp;&nbsp;&nbsp;&nbsp;Przyj\u0119cie porz\u0105dku obrad. 6.&nbsp;&nbsp;&nbsp;&nbsp;&nbsp;Wyb\u00f3r komisji skrutacyjnej. <a href=\"https:\/\/przyjaznadolinaraby.info\/2014-2020\/zaproszenie-na-nadzwyczajne-walne-zebranie-czlonkow-stowarzyszenia-przyjazna-dolina-raby-i-czarnej-orawy-10\/\" class=\"more-link\">&#8230;<span class=\"screen-reader-text\">  Zaproszenie na Nadzwyczajne Walne Zebranie Cz\u0142onk\u00f3w Stowarzyszenia Przyjazna Dolina Raby i Czarnej Orawy<\/span><\/a><\/p>\n","protected":false},"author":6,"featured_media":0,"comment_status":"open","ping_status":"open","sticky":false,"template":"","format":"standard","meta":{"_monsterinsights_skip_tracking":false,"_monsterinsights_sitenote_active":false,"_monsterinsights_sitenote_note":"","_monsterinsights_sitenote_category":0,"footnotes":""},"categories":[3,1],"tags":[],"acf":[],"_links":{"self":[{"href":"https:\/\/przyjaznadolinaraby.info\/2014-2020\/wp-json\/wp\/v2\/posts\/9206"}],"collection":[{"href":"https:\/\/przyjaznadolinaraby.info\/2014-2020\/wp-json\/wp\/v2\/posts"}],"about":[{"href":"https:\/\/przyjaznadolinaraby.info\/2014-2020\/wp-json\/wp\/v2\/types\/post"}],"author":[{"embeddable":true,"href":"https:\/\/przyjaznadolinaraby.info\/2014-2020\/wp-json\/wp\/v2\/users\/6"}],"replies":[{"embeddable":true,"href":"https:\/\/przyjaznadolinaraby.info\/2014-2020\/wp-json\/wp\/v2\/comments?post=9206"}],"version-history":[{"count":0,"href":"https:\/\/przyjaznadolinaraby.info\/2014-2020\/wp-json\/wp\/v2\/posts\/9206\/revisions"}],"wp:attachment":[{"href":"https:\/\/przyjaznadolinaraby.info\/2014-2020\/wp-json\/wp\/v2\/media?parent=9206"}],"wp:term":[{"taxonomy":"category","embeddable":true,"href":"https:\/\/przyjaznadolinaraby.info\/2014-2020\/wp-json\/wp\/v2\/categories?post=9206"},{"taxonomy":"post_tag","embeddable":true,"href":"https:\/\/przyjaznadolinaraby.info\/2014-2020\/wp-json\/wp\/v2\/tags?post=9206"}],"curies":[{"name":"wp","href":"https:\/\/api.w.org\/{rel}","templated":true}]}}