{"id":9365,"date":"2022-07-14T13:11:39","date_gmt":"2022-07-14T11:11:39","guid":{"rendered":"http:\/\/przyjaznadolinaraby.info\/2014-2020\/?page_id=9365"},"modified":"2022-09-19T11:33:01","modified_gmt":"2022-09-19T09:33:01","slug":"oferty-pracy-w-pwd","status":"publish","type":"post","link":"https:\/\/przyjaznadolinaraby.info\/2014-2020\/oferty-pracy-w-pwd\/","title":{"rendered":"Oferty Pracy w PWD"},"content":{"rendered":"<p><strong>NAB\u00d3R NA STANOWISKO: Kierownik w Plac\u00f3wce Wsparcia Dziennego<\/strong><\/p>\r\n<p><strong>Wynik naboru z dnia 31.08.2022r.: <\/strong>W zwi\u0105zku z zako\u0144czeniem nabor\u00f3w na stanowisko Kierownik w Plac\u00f3wce Wsparcia Dziennego i przeprowadzeniu z kandydatami rozmowy kwalifikacyjnej informujemy i\u017c na to stanowisko wybrano: <strong>Dagmara Rapacka-Starmach<\/strong> \u00a0<\/p>\r\n<p><strong>Wyniki I etapu naboru na stanowisko Kierownika w Plac\u00f3wce Wsparcia Dziennego <\/strong>&#8211; Opublikowane 29 sierpnia 2022- W zwi\u0105zku z up\u0142ywem terminu zg\u0142aszania kandydat\u00f3w na stanowisko Kierownika w Plac\u00f3wce Wsparcia Dziennego informujemy i\u017c wp\u0142yn\u0119\u0142a jedna oferta: Dagmara Rapacka-Starmach. O terminie rozmowy kwalifikacyjnej kandydat zostanie powiadomiony telefonicznie.<\/p>\r\n<p>Og\u0142oszenie szczeg\u00f3\u0142y: -Opublikowany 19 sierpnia 2022- <a href=\"https:\/\/drive.google.com\/file\/d\/1zpzoDnpY_vwymqf_CaUW6VFRFIR_qP2r\/view?usp=sharing\">Og\u0142oszenie o naborze na stanowisko KIEROWNIKA<\/a> <a href=\"https:\/\/drive.google.com\/file\/d\/1-o_KItlLl3gdeh9Fa9qLqNskd0n5c4R3\/view?usp=sharing\">Za\u0142\u0105cznik 1<\/a> <a href=\"https:\/\/drive.google.com\/file\/d\/1aAT0vxM0sjK7bmElnZNSQ3fgaCJC3Lbn\/view?usp=sharing\">Za\u0142\u0105cznik 2<\/a> \u00a0<\/p>\r\n<p>*<\/p>\r\n<p><strong>NAB\u00d3R NA STANOWISKO: Opiekun wspomagaj\u0105cy w Plac\u00f3wce Wsparcia Dziennego<\/strong><\/p>\r\n<p><strong>Wynik naboru z dnia 19.08.2022r.: <\/strong>W zwi\u0105zku z zako\u0144czeniem nabor\u00f3w na stanowisko Opiekuna wspomagaj\u0105cego i przeprowadzeniu z kandydatami rozmowy kwalifikacyjnej informujemy i\u017c na to stanowisko wybrano: <strong> Ann\u0119 Moskal Magdalen\u0119 Kurek<\/strong> \u00a0<\/p>\r\n<p><strong>Wyniki I etapu naboru na stanowisko Opiekun wspomagaj\u0105cy <\/strong>&#8211; Opublikowane 12 sierpnia 2022 &#8211; W zwi\u0105zku z up\u0142ywem terminu zg\u0142aszania kandydat\u00f3w na stanowisko Opiekun wspomagaj\u0105cy informujemy, i\u017c wp\u0142yn\u0119\u0142y trzy oferty:<\/p>\r\n<ul>\r\n<li>Anna Moskal<\/li>\r\n<li>Magdalena Kurek<\/li>\r\n<li>Katarzyna Zelia\u015b<\/li>\r\n<\/ul>\r\n<p>O terminie rozmowy kwalifikacyjnej kandydat zostanie powiadomiony telefonicznie\/ mailowo. \u00a0<\/p>\r\n<p><strong>Og\u0142oszenie szczeg\u00f3\u0142y<\/strong>\u00a0&#8211; Opublikowany 27 lipca 2022 &#8211; <a href=\"https:\/\/drive.google.com\/file\/d\/1RPgBLhFRp_GU6nc5kN-6ch5Deg42BqFS\/view?usp=sharing\">Og\u0142oszenie o naborze na stanowisko opiekun wspomagaj\u0105cy<\/a><\/p>\r\n<p>*<\/p>\r\n<p><strong>NAB\u00d3R NA STANOWISKO: Specjalista do spraw administracji <\/strong> <strong>Wynik naboru z dnia 29.07.2022r.: <\/strong>w zwi\u0105zku z zako\u0144czeniem nabor\u00f3w na stanowisko specjalisty do spraw administracji i przeprowadzeniu z kandydatem rozmowy kwalifikacyjnej informujemy, i\u017c na to stanowisko wybrano <strong>Aleksandr\u0119 Krauzowicz.<\/strong> \u00a0<\/p>\r\n<p><strong>Wyniki I etapu naboru na stanowisko Specjalista do spraw administracji<\/strong>&#8211; Opublikowane 20 lipca 2022- W zwi\u0105zku z up\u0142ywem terminu zg\u0142aszania kandydat\u00f3w na stanowisko Specjalista do spraw administracji informujemy i\u017c wp\u0142yn\u0119\u0142a jedna oferta Aleksandra Krauzowicz. O terminie rozmowy kwalifikacyjnej kandydat zostanie powiadomiony telefonicznie. \u00a0<\/p>\r\n<p><strong>Og\u0142oszenie szczeg\u00f3\u0142y <\/strong>&#8211; Opublikowane 5 lipca 2022 &#8211; <a href=\"https:\/\/drive.google.com\/file\/d\/1efXQkCliKMxtyAZ8buGwu2ZUqLYLkFhD\/view?usp=sharing\">Og\u0142oszenie o naborze na stanowisko Specjalista do spraw administracji<\/a> \u00a0\u00a0<\/p>\r\n<p>*<\/p>\r\n<p><strong>NAB\u00d3R NA STANOWISKO: Wychowawcy w Plac\u00f3wce Wsparcia Dziennego<\/strong> <strong>Wyniki I etapu naboru na stanowisko Wychowawcy w Plac\u00f3wce Wsparcia Dziennego <\/strong>-Opublikowane 12.09.2022- W zwi\u0105zku z up\u0142ywem terminu zg\u0142aszania kandydat\u00f3w na stanowisko Wychowawcy w Plac\u00f3wce Wsparcia Dziennego informujemy, i\u017c wp\u0142yn\u0119\u0142a jedna oferta: Estera Mo\u017cdze\u0144. O terminie rozmowy kwalifikacyjnej kandydat zostanie powiadomiony telefonicznie\/ mailowo.<\/p>\r\n<!-- \/wp:paragraph -->\r\n\r\n<!-- wp:paragraph -->\r\n<p>Ponowne og\u0142oszenie: <a href=\"https:\/\/drive.google.com\/file\/d\/1YkSTvzxYdCsmHDQw4fXaSz93hwwO9KN4\/view?usp=sharing\">Og\u0142oszenie o naborze na stanowisko Wychowawcy\u00a0<\/a> &#8211; Opublikowane 30 <time>sierpnia 2022<\/time> \u00a0<\/p>\r\n<p><strong>Odst\u0105pienie od podpisania umowy:<\/strong> &#8211; Opublikowane 29.08.2022 &#8211; Irena \u0141ukaszczyk odst\u0105pi\u0142a od podpisania umowy o prac\u0119 . \u00a0<\/p>\r\n<p><strong>Wyniki I etapu naboru na stanowisko Wychowawcy w Plac\u00f3wce Wsparcia Dziennego <\/strong>-Opublikowane 29.08.2022- W zwi\u0105zku z up\u0142ywem terminu zg\u0142aszania kandydat\u00f3w na stanowisko Wychowawcy w Plac\u00f3wce Wsparcia Dziennego informujemy, i\u017c wp\u0142yn\u0119\u0142a jedna oferta: Katarzyna Zelia\u015b. O terminie rozmowy kwalifikacyjnej kandydat zostanie powiadomiony telefonicznie\/mailowo. \u00a0<\/p>\r\n<p>Ponowne og\u0142oszenie: <a href=\"https:\/\/drive.google.com\/file\/d\/1bZcv2vHJ6IDusOhjY5hy23HC2JtH3yuH\/view?usp=sharing\">Og\u0142oszenie o naborze na stanowisko Wychowawcy<\/a> \u00a0<\/p>\r\n<p><strong>Wynik naboru z dnia 02.08.2022r.:<\/strong>-Opublikowany 2 sierpnia 2022- W zwi\u0105zku z zako\u0144czeniem nabor\u00f3w na stanowisko Wychowawcy i przeprowadzeniu z kandydatami rozmowy kwalifikacyjnej informujemy i\u017c na to stanowisko wybrano: <strong>Iren\u0119 \u0141ukaszczyk <\/strong> \u00a0<\/p>\r\n<p><strong>Wyniki I etapu naboru na stanowisko Wychowawcy w Plac\u00f3wce Wsparcia Dziennego <\/strong>&#8211; Opublikowane 12 sierpnia 2022 &#8211; W zwi\u0105zku z up\u0142ywem terminu zg\u0142aszania kandydat\u00f3w na stanowisko Wychowawcy w Plac\u00f3wce Wsparcia Dziennego informujemy, i\u017c wp\u0142yn\u0119\u0142a jedna oferta: Irena \u0141ukaszczyk. O terminie rozmowy kwalifikacyjnej kandydat zostanie powiadomiony telefonicznie\/ mailowo. \u00a0<\/p>\r\n<p><strong>Og\u0142oszenie- Wychowawca w PWD &#8211;<\/strong>Opublikowane 27 lipca 2022 <strong>Szczeg\u00f3\u0142y<\/strong>: <a href=\"https:\/\/drive.google.com\/file\/d\/1iNbvIlvqBOC9p9fI5T7PhzovK6ls3ym1\/view?usp=sharing\">Og\u0142oszenie o naborze na stanowisko Wychowawcy<\/a><\/p>","protected":false},"excerpt":{"rendered":"<p>NAB\u00d3R NA STANOWISKO: Kierownik w Plac\u00f3wce Wsparcia Dziennego Wynik naboru z dnia 31.08.2022r.: W zwi\u0105zku z zako\u0144czeniem nabor\u00f3w na stanowisko Kierownik w Plac\u00f3wce Wsparcia Dziennego i przeprowadzeniu z kandydatami rozmowy kwalifikacyjnej informujemy i\u017c na to stanowisko wybrano: Dagmara Rapacka-Starmach \u00a0 Wyniki I etapu naboru na stanowisko Kierownika w Plac\u00f3wce Wsparcia Dziennego &#8211; Opublikowane 29 sierpnia <a href=\"https:\/\/przyjaznadolinaraby.info\/2014-2020\/oferty-pracy-w-pwd\/\" class=\"more-link\">&#8230;<span class=\"screen-reader-text\">  Oferty Pracy w PWD<\/span><\/a><\/p>\n","protected":false},"author":6,"featured_media":0,"comment_status":"closed","ping_status":"closed","sticky":false,"template":"","format":"standard","meta":{"_monsterinsights_skip_tracking":false,"_monsterinsights_sitenote_active":false,"_monsterinsights_sitenote_note":"","_monsterinsights_sitenote_category":0,"footnotes":""},"categories":[1],"tags":[],"acf":[],"_links":{"self":[{"href":"https:\/\/przyjaznadolinaraby.info\/2014-2020\/wp-json\/wp\/v2\/posts\/9365"}],"collection":[{"href":"https:\/\/przyjaznadolinaraby.info\/2014-2020\/wp-json\/wp\/v2\/posts"}],"about":[{"href":"https:\/\/przyjaznadolinaraby.info\/2014-2020\/wp-json\/wp\/v2\/types\/post"}],"author":[{"embeddable":true,"href":"https:\/\/przyjaznadolinaraby.info\/2014-2020\/wp-json\/wp\/v2\/users\/6"}],"replies":[{"embeddable":true,"href":"https:\/\/przyjaznadolinaraby.info\/2014-2020\/wp-json\/wp\/v2\/comments?post=9365"}],"version-history":[{"count":6,"href":"https:\/\/przyjaznadolinaraby.info\/2014-2020\/wp-json\/wp\/v2\/posts\/9365\/revisions"}],"predecessor-version":[{"id":10079,"href":"https:\/\/przyjaznadolinaraby.info\/2014-2020\/wp-json\/wp\/v2\/posts\/9365\/revisions\/10079"}],"wp:attachment":[{"href":"https:\/\/przyjaznadolinaraby.info\/2014-2020\/wp-json\/wp\/v2\/media?parent=9365"}],"wp:term":[{"taxonomy":"category","embeddable":true,"href":"https:\/\/przyjaznadolinaraby.info\/2014-2020\/wp-json\/wp\/v2\/categories?post=9365"},{"taxonomy":"post_tag","embeddable":true,"href":"https:\/\/przyjaznadolinaraby.info\/2014-2020\/wp-json\/wp\/v2\/tags?post=9365"}],"curies":[{"name":"wp","href":"https:\/\/api.w.org\/{rel}","templated":true}]}}