{"id":9369,"date":"2022-07-14T13:14:59","date_gmt":"2022-07-14T11:14:59","guid":{"rendered":"http:\/\/przyjaznadolinaraby.info\/2014-2020\/?p=9369"},"modified":"2023-10-25T13:40:45","modified_gmt":"2023-10-25T11:40:45","slug":"nasz-nowy-projekt-placowka-wsparcia-dziennego","status":"publish","type":"post","link":"https:\/\/przyjaznadolinaraby.info\/2014-2020\/nasz-nowy-projekt-placowka-wsparcia-dziennego\/","title":{"rendered":"Nasz nowy projekt: Plac\u00f3wka Wsparcia Dziennego"},"content":{"rendered":"\r\n<p>Mi\u0142o nam poinformowa\u0107, i\u017c otrzymali\u015bmy dofinansowanie ze \u015brodk\u00f3w Unii Europejskie tj. z Europejskiego Funduszu Spo\u0142ecznego w ramach Regionalnego Programu Operacyjnego Wojew\u00f3dztwa Ma\u0142opolskiego na lata 2014-2020 na realizacj\u0119 projektu pn. \u201ePlac\u00f3wka Wsparcia Dziennego\u201d.<\/p>\r\n\r\n\r\n\r\n<p>Celem projektu jest zwi\u0119kszenie dost\u0119pu do us\u0142ug spo\u0142ecznych tj. us\u0142ug wsparcia rodziny skierowanych do dzieci i m\u0142odzie\u017cy oraz ich rodzic\u00f3w\/opiekun\u00f3w z terenu powiatu nowotarskiego poprzez utworzenie w Gminie Czarny Dunajec w miejscowo\u015bci Piekielnik 30 nowych miejsc opieki i wychowania w ramach plac\u00f3wki wsparcia dziennego z kt\u00f3rych skorzysta \u0142\u0105cznie 300 dzieci\/ m\u0142odzie\u017cy.<\/p>\r\n\r\n\r\n\r\n<p>Grup\u0119 docelow\u0105 stanowi\u0105 dzieci i m\u0142odzie\u017c w wielu do lat 18 lat i ich rodziny oraz sama nowopowsta\u0142a plac\u00f3wka wsparcia dziennego.<\/p>\r\n\r\n\r\n\r\n<p>G\u0142\u00f3wne dzia\u0142ania realizowane w ramach projektu opracowanie i aktualizacja indywidualnych plan\u00f3w wsparcia, \u015bwiadczenie wsparcia opieku\u0144czego i specjalistycznego na rzecz dzieci i m\u0142odzie\u017cy oraz wsparcie rodziny.<\/p>\r\n\r\n\r\n\r\n<p>G\u0142\u00f3wne rezultaty projektu:<\/p>\r\n\r\n\r\n\r\n<ul>\r\n<li>utworzenie 30 miejsc opieki i wychowania w nowej PWD w Piekielniku<\/li>\r\n<li>uruchomienie nowej oferty wsparcia w postaci us\u0142ug pomocy w opiece i wychowaniu dziecka na terenie powiatu nowotarskiego,<\/li>\r\n<li>wzmocnienie kadry PWD w zakresie \u015bwiadczenia us\u0142ug poprzez podnoszenie kompetencji zawodowych w zakresie us\u0142ug pomocy w opiece i wychowaniu dziecka.<\/li>\r\n<\/ul>\r\n\r\n\r\n\r\n<p>Ca\u0142kowita warto\u015b\u0107 projektu: 4 400 872,60 z\u0142, w tym kwota dofinansowania 4 074 832,60 z\u0142.<\/p>\r\n\r\n\r\n\r\n<p>Projekt wsp\u00f3\u0142finansowany przez Uni\u0119 Europejsk\u0105 ze \u015brodk\u00f3w Europejskiego Funduszu Spo\u0142ecznego w ramach Regionalnego Programu Operacyjnego Wojew\u00f3dztwa Ma\u0142opolskiego na lata 2014-2020.<\/p>\r\n\r\n\r\n\r\n<figure class=\"wp-block-image\"><\/figure>\r\n<p><img decoding=\"async\" class=\"alignnone size-full wp-image-10670\" src=\"http:\/\/przyjaznadolinaraby.info\/2014-2020\/wp-content\/uploads\/2023\/10\/LOGOTYPY-OK.jpg\" alt=\"\" width=\"2079\" height=\"169\" srcset=\"https:\/\/przyjaznadolinaraby.info\/2014-2020\/wp-content\/uploads\/2023\/10\/LOGOTYPY-OK.jpg 2079w, https:\/\/przyjaznadolinaraby.info\/2014-2020\/wp-content\/uploads\/2023\/10\/LOGOTYPY-OK-300x24.jpg 300w, https:\/\/przyjaznadolinaraby.info\/2014-2020\/wp-content\/uploads\/2023\/10\/LOGOTYPY-OK-1024x83.jpg 1024w\" sizes=\"(max-width: 2079px) 100vw, 2079px\" \/><\/p>\r\n","protected":false},"excerpt":{"rendered":"<p>Mi\u0142o nam poinformowa\u0107, i\u017c otrzymali\u015bmy dofinansowanie ze \u015brodk\u00f3w Unii Europejskie tj. z Europejskiego Funduszu Spo\u0142ecznego w ramach Regionalnego Programu Operacyjnego Wojew\u00f3dztwa Ma\u0142opolskiego na lata 2014-2020 na realizacj\u0119 projektu pn. \u201ePlac\u00f3wka Wsparcia Dziennego\u201d. Celem projektu jest zwi\u0119kszenie dost\u0119pu do us\u0142ug spo\u0142ecznych tj. us\u0142ug wsparcia rodziny skierowanych do dzieci i m\u0142odzie\u017cy oraz ich rodzic\u00f3w\/opiekun\u00f3w z terenu powiatu <a href=\"https:\/\/przyjaznadolinaraby.info\/2014-2020\/nasz-nowy-projekt-placowka-wsparcia-dziennego\/\" class=\"more-link\">&#8230;<span class=\"screen-reader-text\">  Nasz nowy projekt: Plac\u00f3wka Wsparcia Dziennego<\/span><\/a><\/p>\n","protected":false},"author":6,"featured_media":10185,"comment_status":"open","ping_status":"open","sticky":false,"template":"","format":"standard","meta":{"_monsterinsights_skip_tracking":false,"_monsterinsights_sitenote_active":false,"_monsterinsights_sitenote_note":"","_monsterinsights_sitenote_category":0,"footnotes":""},"categories":[13],"tags":[],"acf":[],"_links":{"self":[{"href":"https:\/\/przyjaznadolinaraby.info\/2014-2020\/wp-json\/wp\/v2\/posts\/9369"}],"collection":[{"href":"https:\/\/przyjaznadolinaraby.info\/2014-2020\/wp-json\/wp\/v2\/posts"}],"about":[{"href":"https:\/\/przyjaznadolinaraby.info\/2014-2020\/wp-json\/wp\/v2\/types\/post"}],"author":[{"embeddable":true,"href":"https:\/\/przyjaznadolinaraby.info\/2014-2020\/wp-json\/wp\/v2\/users\/6"}],"replies":[{"embeddable":true,"href":"https:\/\/przyjaznadolinaraby.info\/2014-2020\/wp-json\/wp\/v2\/comments?post=9369"}],"version-history":[{"count":4,"href":"https:\/\/przyjaznadolinaraby.info\/2014-2020\/wp-json\/wp\/v2\/posts\/9369\/revisions"}],"predecessor-version":[{"id":10675,"href":"https:\/\/przyjaznadolinaraby.info\/2014-2020\/wp-json\/wp\/v2\/posts\/9369\/revisions\/10675"}],"wp:featuredmedia":[{"embeddable":true,"href":"https:\/\/przyjaznadolinaraby.info\/2014-2020\/wp-json\/wp\/v2\/media\/10185"}],"wp:attachment":[{"href":"https:\/\/przyjaznadolinaraby.info\/2014-2020\/wp-json\/wp\/v2\/media?parent=9369"}],"wp:term":[{"taxonomy":"category","embeddable":true,"href":"https:\/\/przyjaznadolinaraby.info\/2014-2020\/wp-json\/wp\/v2\/categories?post=9369"},{"taxonomy":"post_tag","embeddable":true,"href":"https:\/\/przyjaznadolinaraby.info\/2014-2020\/wp-json\/wp\/v2\/tags?post=9369"}],"curies":[{"name":"wp","href":"https:\/\/api.w.org\/{rel}","templated":true}]}}