{"id":9502,"date":"2022-08-12T12:35:49","date_gmt":"2022-08-12T10:35:49","guid":{"rendered":"http:\/\/przyjaznadolinaraby.info\/2014-2020\/?p=9502"},"modified":"2022-09-16T13:27:39","modified_gmt":"2022-09-16T11:27:39","slug":"%ef%bb%bfwyniki-i-etapu-naboru-na-stanowisko-opiekun-wspomagajacy","status":"publish","type":"post","link":"https:\/\/przyjaznadolinaraby.info\/2014-2020\/%ef%bb%bfwyniki-i-etapu-naboru-na-stanowisko-opiekun-wspomagajacy\/","title":{"rendered":"\ufeffWyniki I etapu naboru na stanowisko Opiekun wspomagaj\u0105cy"},"content":{"rendered":"\r\n<p>W zwi\u0105zku z up\u0142ywem terminu zg\u0142aszania kandydat\u00f3w na stanowisko Opiekun wspomagaj\u0105cy informujemy, i\u017c wp\u0142yn\u0119\u0142y trzy oferty:<\/p>\r\n\r\n\r\n\r\n<ul>\r\n<li><strong>Anna Moskal<\/strong><\/li>\r\n<li><strong>Magdalena Kurek\r\n\r\n\r\n\r\n<\/strong><\/li>\r\n<li><strong>Katarzyna Zelia\u015b<\/strong><\/li>\r\n<\/ul>\r\n\r\n\r\n\r\n<p>O terminie rozmowy kwalifikacyjnej kandydat zostanie powiadomiony telefonicznie\/ mailowo.<\/p>\r\n\r\n\r\n\r\n<p>&nbsp;<\/p>\r\n","protected":false},"excerpt":{"rendered":"<p>W zwi\u0105zku z up\u0142ywem terminu zg\u0142aszania kandydat\u00f3w na stanowisko Opiekun wspomagaj\u0105cy informujemy, i\u017c wp\u0142yn\u0119\u0142y trzy oferty: Anna Moskal Magdalena Kurek Katarzyna Zelia\u015b O terminie rozmowy kwalifikacyjnej kandydat zostanie powiadomiony telefonicznie\/ mailowo. &nbsp;<\/p>\n","protected":false},"author":6,"featured_media":0,"comment_status":"open","ping_status":"open","sticky":false,"template":"","format":"standard","meta":{"_monsterinsights_skip_tracking":false,"_monsterinsights_sitenote_active":false,"_monsterinsights_sitenote_note":"","_monsterinsights_sitenote_category":0,"footnotes":""},"categories":[3,14],"tags":[],"acf":[],"_links":{"self":[{"href":"https:\/\/przyjaznadolinaraby.info\/2014-2020\/wp-json\/wp\/v2\/posts\/9502"}],"collection":[{"href":"https:\/\/przyjaznadolinaraby.info\/2014-2020\/wp-json\/wp\/v2\/posts"}],"about":[{"href":"https:\/\/przyjaznadolinaraby.info\/2014-2020\/wp-json\/wp\/v2\/types\/post"}],"author":[{"embeddable":true,"href":"https:\/\/przyjaznadolinaraby.info\/2014-2020\/wp-json\/wp\/v2\/users\/6"}],"replies":[{"embeddable":true,"href":"https:\/\/przyjaznadolinaraby.info\/2014-2020\/wp-json\/wp\/v2\/comments?post=9502"}],"version-history":[{"count":2,"href":"https:\/\/przyjaznadolinaraby.info\/2014-2020\/wp-json\/wp\/v2\/posts\/9502\/revisions"}],"predecessor-version":[{"id":10090,"href":"https:\/\/przyjaznadolinaraby.info\/2014-2020\/wp-json\/wp\/v2\/posts\/9502\/revisions\/10090"}],"wp:attachment":[{"href":"https:\/\/przyjaznadolinaraby.info\/2014-2020\/wp-json\/wp\/v2\/media?parent=9502"}],"wp:term":[{"taxonomy":"category","embeddable":true,"href":"https:\/\/przyjaznadolinaraby.info\/2014-2020\/wp-json\/wp\/v2\/categories?post=9502"},{"taxonomy":"post_tag","embeddable":true,"href":"https:\/\/przyjaznadolinaraby.info\/2014-2020\/wp-json\/wp\/v2\/tags?post=9502"}],"curies":[{"name":"wp","href":"https:\/\/api.w.org\/{rel}","templated":true}]}}