{"id":9511,"date":"2022-08-16T10:47:44","date_gmt":"2022-08-16T08:47:44","guid":{"rendered":"http:\/\/przyjaznadolinaraby.info\/2014-2020\/?p=9511"},"modified":"2022-09-16T13:30:04","modified_gmt":"2022-09-16T11:30:04","slug":"nabor-na-wychowawce-w-placowce-wsparcia-dziennego-centrum-rozwoju-dzieci-i-mlodziezy-horyzont","status":"publish","type":"post","link":"https:\/\/przyjaznadolinaraby.info\/2014-2020\/nabor-na-wychowawce-w-placowce-wsparcia-dziennego-centrum-rozwoju-dzieci-i-mlodziezy-horyzont\/","title":{"rendered":"NAB\u00d3R NA WYCHOWAWC\u0118 W PLAC\u00d3WCE WSPARCIA DZIENNEGO \u201cCentrum rozwoju dzieci i m\u0142odzie\u017cy \u201eHoryzont\u201d \u201d"},"content":{"rendered":"\r\n<p><strong>Stowarzyszenie Przyjazna Dolina Raby i Czarnej Orawy OG\u0141ASZA NAB\u00d3R NA STANOWISKO:<\/strong><\/p>\r\n<ul>\r\n<li>Wychowawcy w Plac\u00f3wce Wsparcia Dziennego<\/li>\r\n<\/ul>\r\n\r\n\r\n\r\n<p>Szczeg\u00f3\u0142y:<\/p>\r\n<ul>\r\n<li><a href=\"https:\/\/drive.google.com\/file\/d\/1bZcv2vHJ6IDusOhjY5hy23HC2JtH3yuH\/view?usp=sharing\">Og\u0142oszenie o naborze na stanowisko Wychowawcy<\/a><\/li>\r\n<\/ul>\r\n\r\n\r\n\r\n<p>&nbsp;<\/p>\r\n","protected":false},"excerpt":{"rendered":"<p>Stowarzyszenie Przyjazna Dolina Raby i Czarnej Orawy OG\u0141ASZA NAB\u00d3R NA STANOWISKO: Wychowawcy w Plac\u00f3wce Wsparcia Dziennego Szczeg\u00f3\u0142y: Og\u0142oszenie o naborze na stanowisko Wychowawcy &nbsp;<\/p>\n","protected":false},"author":6,"featured_media":0,"comment_status":"open","ping_status":"open","sticky":false,"template":"","format":"standard","meta":{"_monsterinsights_skip_tracking":false,"_monsterinsights_sitenote_active":false,"_monsterinsights_sitenote_note":"","_monsterinsights_sitenote_category":0,"footnotes":""},"categories":[3,14],"tags":[],"acf":[],"_links":{"self":[{"href":"https:\/\/przyjaznadolinaraby.info\/2014-2020\/wp-json\/wp\/v2\/posts\/9511"}],"collection":[{"href":"https:\/\/przyjaznadolinaraby.info\/2014-2020\/wp-json\/wp\/v2\/posts"}],"about":[{"href":"https:\/\/przyjaznadolinaraby.info\/2014-2020\/wp-json\/wp\/v2\/types\/post"}],"author":[{"embeddable":true,"href":"https:\/\/przyjaznadolinaraby.info\/2014-2020\/wp-json\/wp\/v2\/users\/6"}],"replies":[{"embeddable":true,"href":"https:\/\/przyjaznadolinaraby.info\/2014-2020\/wp-json\/wp\/v2\/comments?post=9511"}],"version-history":[{"count":1,"href":"https:\/\/przyjaznadolinaraby.info\/2014-2020\/wp-json\/wp\/v2\/posts\/9511\/revisions"}],"predecessor-version":[{"id":10026,"href":"https:\/\/przyjaznadolinaraby.info\/2014-2020\/wp-json\/wp\/v2\/posts\/9511\/revisions\/10026"}],"wp:attachment":[{"href":"https:\/\/przyjaznadolinaraby.info\/2014-2020\/wp-json\/wp\/v2\/media?parent=9511"}],"wp:term":[{"taxonomy":"category","embeddable":true,"href":"https:\/\/przyjaznadolinaraby.info\/2014-2020\/wp-json\/wp\/v2\/categories?post=9511"},{"taxonomy":"post_tag","embeddable":true,"href":"https:\/\/przyjaznadolinaraby.info\/2014-2020\/wp-json\/wp\/v2\/tags?post=9511"}],"curies":[{"name":"wp","href":"https:\/\/api.w.org\/{rel}","templated":true}]}}