{"id":9570,"date":"2022-08-29T10:48:14","date_gmt":"2022-08-29T08:48:14","guid":{"rendered":"http:\/\/przyjaznadolinaraby.info\/2014-2020\/?p=9570"},"modified":"2022-09-16T13:30:26","modified_gmt":"2022-09-16T11:30:26","slug":"wyniki-i-etapu-naboru-na-stanowisko-kierownik-w-placowce-wsparcia-dziennego","status":"publish","type":"post","link":"https:\/\/przyjaznadolinaraby.info\/2014-2020\/wyniki-i-etapu-naboru-na-stanowisko-kierownik-w-placowce-wsparcia-dziennego\/","title":{"rendered":"Wyniki I etapu naboru na stanowisko: Kierownik w Plac\u00f3wce Wsparcia Dziennego"},"content":{"rendered":"\r\n<p>W zwi\u0105zku z up\u0142ywem terminu zg\u0142aszania kandydat\u00f3w na stanowisko <br \/><br \/>Kierownika w Plac\u00f3wce Wsparcia Dziennego informujemy, i\u017c wp\u0142yn\u0119\u0142a jedna oferta:<\/p>\r\n\r\n\r\n\r\n<ul>\r\n<li><strong>Dagmara Rapacka-Starmach<\/strong><\/li>\r\n<\/ul>\r\n\r\n\r\n\r\n<p>O terminie rozmowy kwalifikacyjnej kandydat zostanie powiadomiony telefonicznie\/ mailowo.<\/p>\r\n\r\n\r\n\r\n<p>&nbsp;<\/p>\r\n\r\n\r\n\r\n<p>&nbsp;<\/p>\r\n","protected":false},"excerpt":{"rendered":"<p>W zwi\u0105zku z up\u0142ywem terminu zg\u0142aszania kandydat\u00f3w na stanowisko Kierownika w Plac\u00f3wce Wsparcia Dziennego informujemy, i\u017c wp\u0142yn\u0119\u0142a jedna oferta: Dagmara Rapacka-Starmach O terminie rozmowy kwalifikacyjnej kandydat zostanie powiadomiony telefonicznie\/ mailowo. &nbsp; &nbsp;<\/p>\n","protected":false},"author":6,"featured_media":0,"comment_status":"open","ping_status":"open","sticky":false,"template":"","format":"standard","meta":{"_monsterinsights_skip_tracking":false,"_monsterinsights_sitenote_active":false,"_monsterinsights_sitenote_note":"","_monsterinsights_sitenote_category":0,"footnotes":""},"categories":[3,14],"tags":[],"acf":[],"_links":{"self":[{"href":"https:\/\/przyjaznadolinaraby.info\/2014-2020\/wp-json\/wp\/v2\/posts\/9570"}],"collection":[{"href":"https:\/\/przyjaznadolinaraby.info\/2014-2020\/wp-json\/wp\/v2\/posts"}],"about":[{"href":"https:\/\/przyjaznadolinaraby.info\/2014-2020\/wp-json\/wp\/v2\/types\/post"}],"author":[{"embeddable":true,"href":"https:\/\/przyjaznadolinaraby.info\/2014-2020\/wp-json\/wp\/v2\/users\/6"}],"replies":[{"embeddable":true,"href":"https:\/\/przyjaznadolinaraby.info\/2014-2020\/wp-json\/wp\/v2\/comments?post=9570"}],"version-history":[{"count":1,"href":"https:\/\/przyjaznadolinaraby.info\/2014-2020\/wp-json\/wp\/v2\/posts\/9570\/revisions"}],"predecessor-version":[{"id":10094,"href":"https:\/\/przyjaznadolinaraby.info\/2014-2020\/wp-json\/wp\/v2\/posts\/9570\/revisions\/10094"}],"wp:attachment":[{"href":"https:\/\/przyjaznadolinaraby.info\/2014-2020\/wp-json\/wp\/v2\/media?parent=9570"}],"wp:term":[{"taxonomy":"category","embeddable":true,"href":"https:\/\/przyjaznadolinaraby.info\/2014-2020\/wp-json\/wp\/v2\/categories?post=9570"},{"taxonomy":"post_tag","embeddable":true,"href":"https:\/\/przyjaznadolinaraby.info\/2014-2020\/wp-json\/wp\/v2\/tags?post=9570"}],"curies":[{"name":"wp","href":"https:\/\/api.w.org\/{rel}","templated":true}]}}