{"id":9580,"date":"2022-08-30T11:48:42","date_gmt":"2022-08-30T09:48:42","guid":{"rendered":"http:\/\/przyjaznadolinaraby.info\/2014-2020\/?p=9580"},"modified":"2022-09-08T21:55:18","modified_gmt":"2022-09-08T19:55:18","slug":"ponowny-nabor-na-wychowawce-w-placowce-wsparcia-dziennego-centrum-rozwoju-dzieci-i-mlodziezy-horyzont","status":"publish","type":"post","link":"https:\/\/przyjaznadolinaraby.info\/2014-2020\/ponowny-nabor-na-wychowawce-w-placowce-wsparcia-dziennego-centrum-rozwoju-dzieci-i-mlodziezy-horyzont\/","title":{"rendered":"PONOWNY NAB\u00d3R NA WYCHOWAWC\u0118 W PLAC\u00d3WCE WSPARCIA DZIENNEGO \u201cCentrum rozwoju dzieci i m\u0142odzie\u017cy \u201eHoryzont\u201d \u201d"},"content":{"rendered":"\r\n<p><strong>Stowarzyszenie Przyjazna Dolina Raby i Czarnej Orawy OG\u0141ASZA PONOWNIE NAB\u00d3R NA STANOWISKO:<\/strong><br \/>-Wychowawcy w Plac\u00f3wce Wsparcia Dziennego<\/p>\r\n\r\n\r\n\r\n<p>Szczeg\u00f3\u0142y:<br \/><a href=\"https:\/\/drive.google.com\/file\/d\/1YkSTvzxYdCsmHDQw4fXaSz93hwwO9KN4\/view?usp=sharing\">Og\u0142oszenie o naborze na stanowisko Wychowawcy<\/a><\/p>\r\n","protected":false},"excerpt":{"rendered":"<p>Stowarzyszenie Przyjazna Dolina Raby i Czarnej Orawy OG\u0141ASZA PONOWNIE NAB\u00d3R NA STANOWISKO:-Wychowawcy w Plac\u00f3wce Wsparcia Dziennego Szczeg\u00f3\u0142y:Og\u0142oszenie o naborze na stanowisko Wychowawcy<\/p>\n","protected":false},"author":6,"featured_media":9622,"comment_status":"open","ping_status":"open","sticky":false,"template":"","format":"standard","meta":{"_monsterinsights_skip_tracking":false,"_monsterinsights_sitenote_active":false,"_monsterinsights_sitenote_note":"","_monsterinsights_sitenote_category":0,"footnotes":""},"categories":[1],"tags":[],"acf":[],"_links":{"self":[{"href":"https:\/\/przyjaznadolinaraby.info\/2014-2020\/wp-json\/wp\/v2\/posts\/9580"}],"collection":[{"href":"https:\/\/przyjaznadolinaraby.info\/2014-2020\/wp-json\/wp\/v2\/posts"}],"about":[{"href":"https:\/\/przyjaznadolinaraby.info\/2014-2020\/wp-json\/wp\/v2\/types\/post"}],"author":[{"embeddable":true,"href":"https:\/\/przyjaznadolinaraby.info\/2014-2020\/wp-json\/wp\/v2\/users\/6"}],"replies":[{"embeddable":true,"href":"https:\/\/przyjaznadolinaraby.info\/2014-2020\/wp-json\/wp\/v2\/comments?post=9580"}],"version-history":[{"count":0,"href":"https:\/\/przyjaznadolinaraby.info\/2014-2020\/wp-json\/wp\/v2\/posts\/9580\/revisions"}],"wp:featuredmedia":[{"embeddable":true,"href":"https:\/\/przyjaznadolinaraby.info\/2014-2020\/wp-json\/wp\/v2\/media\/9622"}],"wp:attachment":[{"href":"https:\/\/przyjaznadolinaraby.info\/2014-2020\/wp-json\/wp\/v2\/media?parent=9580"}],"wp:term":[{"taxonomy":"category","embeddable":true,"href":"https:\/\/przyjaznadolinaraby.info\/2014-2020\/wp-json\/wp\/v2\/categories?post=9580"},{"taxonomy":"post_tag","embeddable":true,"href":"https:\/\/przyjaznadolinaraby.info\/2014-2020\/wp-json\/wp\/v2\/tags?post=9580"}],"curies":[{"name":"wp","href":"https:\/\/api.w.org\/{rel}","templated":true}]}}