{"id":9585,"date":"2022-08-29T14:18:50","date_gmt":"2022-08-29T12:18:50","guid":{"rendered":"http:\/\/przyjaznadolinaraby.info\/2014-2020\/?p=9585"},"modified":"2022-09-14T00:20:24","modified_gmt":"2022-09-13T22:20:24","slug":"zaproszenie-na-nadzwyczajne-walne-zebranie-czlonkow-stowarzyszenia-przyjazna-dolina-raby-i-czarnej-orawy-11","status":"publish","type":"post","link":"https:\/\/przyjaznadolinaraby.info\/2014-2020\/zaproszenie-na-nadzwyczajne-walne-zebranie-czlonkow-stowarzyszenia-przyjazna-dolina-raby-i-czarnej-orawy-11\/","title":{"rendered":"Zaproszenie na Nadzwyczajne Walne Zebranie Cz\u0142onk\u00f3w Stowarzyszenia Przyjazna Dolina Raby i Czarnej Orawy"},"content":{"rendered":"\r\n<p>Stowarzyszenie Przyjazna Dolina Raby i Czarnej Orawy serdecznie zaprasza na Nadzwyczajne Walne Zebranie Cz\u0142onk\u00f3w Stowarzyszenia, kt\u00f3re odb\u0119dzie si\u0119<strong> 05.09.2022 r.<\/strong> o godzinie <strong>10.30<\/strong> w biurze LGD: Rokiciny Podhala\u0144skie 14a.<\/p>\r\n\r\n\r\n\r\n<p><a><strong>Proponowany porz\u0105dek obrad:<\/strong><\/a><\/p>\r\n\r\n\r\n\r\n<ol>\r\n<li>Otwarcie obrad i stwierdzenie prawomocno\u015bci.\r\n\r\n<\/li>\r\n<li>Wyb\u00f3r Przewodnicz\u0105cego Zebrania i Protokolanta.\r\n\r\n<\/li>\r\n<li>Przedstawienie porz\u0105dku obrad.\r\n\r\n<\/li>\r\n<li>Zg\u0142aszanie uwag do porz\u0105dku obrad.<\/li>\r\n<li>Przyj\u0119cie porz\u0105dku obrad.<\/li>\r\n<li>Wyb\u00f3r komisji skrutacyjnej.<\/li>\r\n<li>Podj\u0119cie uchwa\u0142y w sprawie wyboru cz\u0142onka zarz\u0105du Stowarzyszenia Przyjazna Dolina Raby i Czarnej Orawy<\/li>\r\n<li>\u00a0Wolne wnioski.<\/li>\r\n<li>\u00a0Zamkni\u0119cie posiedzenia.\r\n\r\n<\/li>\r\n<\/ol>\r\n","protected":false},"excerpt":{"rendered":"<p>Stowarzyszenie Przyjazna Dolina Raby i Czarnej Orawy serdecznie zaprasza na Nadzwyczajne Walne Zebranie Cz\u0142onk\u00f3w Stowarzyszenia, kt\u00f3re odb\u0119dzie si\u0119 05.09.2022 r. o godzinie 10.30 w biurze LGD: Rokiciny Podhala\u0144skie 14a. Proponowany porz\u0105dek obrad: Otwarcie obrad i stwierdzenie prawomocno\u015bci. Wyb\u00f3r Przewodnicz\u0105cego Zebrania i Protokolanta. Przedstawienie porz\u0105dku obrad. Zg\u0142aszanie uwag do porz\u0105dku obrad. Przyj\u0119cie porz\u0105dku obrad. Wyb\u00f3r komisji <a href=\"https:\/\/przyjaznadolinaraby.info\/2014-2020\/zaproszenie-na-nadzwyczajne-walne-zebranie-czlonkow-stowarzyszenia-przyjazna-dolina-raby-i-czarnej-orawy-11\/\" class=\"more-link\">&#8230;<span class=\"screen-reader-text\">  Zaproszenie na Nadzwyczajne Walne Zebranie Cz\u0142onk\u00f3w Stowarzyszenia Przyjazna Dolina Raby i Czarnej Orawy<\/span><\/a><\/p>\n","protected":false},"author":6,"featured_media":0,"comment_status":"open","ping_status":"open","sticky":false,"template":"","format":"standard","meta":{"_monsterinsights_skip_tracking":false,"_monsterinsights_sitenote_active":false,"_monsterinsights_sitenote_note":"","_monsterinsights_sitenote_category":0,"footnotes":""},"categories":[3,1],"tags":[],"acf":[],"_links":{"self":[{"href":"https:\/\/przyjaznadolinaraby.info\/2014-2020\/wp-json\/wp\/v2\/posts\/9585"}],"collection":[{"href":"https:\/\/przyjaznadolinaraby.info\/2014-2020\/wp-json\/wp\/v2\/posts"}],"about":[{"href":"https:\/\/przyjaznadolinaraby.info\/2014-2020\/wp-json\/wp\/v2\/types\/post"}],"author":[{"embeddable":true,"href":"https:\/\/przyjaznadolinaraby.info\/2014-2020\/wp-json\/wp\/v2\/users\/6"}],"replies":[{"embeddable":true,"href":"https:\/\/przyjaznadolinaraby.info\/2014-2020\/wp-json\/wp\/v2\/comments?post=9585"}],"version-history":[{"count":1,"href":"https:\/\/przyjaznadolinaraby.info\/2014-2020\/wp-json\/wp\/v2\/posts\/9585\/revisions"}],"predecessor-version":[{"id":10022,"href":"https:\/\/przyjaznadolinaraby.info\/2014-2020\/wp-json\/wp\/v2\/posts\/9585\/revisions\/10022"}],"wp:attachment":[{"href":"https:\/\/przyjaznadolinaraby.info\/2014-2020\/wp-json\/wp\/v2\/media?parent=9585"}],"wp:term":[{"taxonomy":"category","embeddable":true,"href":"https:\/\/przyjaznadolinaraby.info\/2014-2020\/wp-json\/wp\/v2\/categories?post=9585"},{"taxonomy":"post_tag","embeddable":true,"href":"https:\/\/przyjaznadolinaraby.info\/2014-2020\/wp-json\/wp\/v2\/tags?post=9585"}],"curies":[{"name":"wp","href":"https:\/\/api.w.org\/{rel}","templated":true}]}}