{"id":12891,"date":"2026-04-03T11:30:08","date_gmt":"2026-04-03T09:30:08","guid":{"rendered":"https:\/\/przyjaznadolinaraby.info\/nowaperspektywa\/?p=12891"},"modified":"2026-04-27T11:31:08","modified_gmt":"2026-04-27T09:31:08","slug":"drugi-etap-rekrutacji-na-stanowisko-menager-ka-opieki-psycholog-w-centrum-wsparcia-uslug-spolecznych-w-czarnym-dunajcu","status":"publish","type":"post","link":"https:\/\/przyjaznadolinaraby.info\/nowaperspektywa\/drugi-etap-rekrutacji-na-stanowisko-menager-ka-opieki-psycholog-w-centrum-wsparcia-uslug-spolecznych-w-czarnym-dunajcu\/","title":{"rendered":"Drugi etap rekrutacji na stanowisko: Menager\/ka opieki PSYCHOLOG w Centrum wsparcia us\u0142ug spo\u0142ecznych w Czarnym Dunajcu"},"content":{"rendered":"<p>W zwi\u0105zku z og\u0142oszeniem naboru na stanowisko <strong>Menager\/ka opieki PSYCHOLOG <\/strong>do drugiego etapu rekrutacji zakwalifikowa\u0142a si\u0119:<\/p>\n<p>Pani Lidia Bryja Macio\u0142<\/p>\n","protected":false},"excerpt":{"rendered":"<p>W zwi\u0105zku z og\u0142oszeniem naboru na stanowisko Menager\/ka opieki PSYCHOLOG do drugiego etapu rekrutacji zakwalifikowa\u0142a si\u0119: Pani Lidia Bryja Macio\u0142<\/p>\n","protected":false},"author":6,"featured_media":12160,"comment_status":"open","ping_status":"open","sticky":false,"template":"","format":"standard","meta":{"_monsterinsights_skip_tracking":false,"_monsterinsights_sitenote_active":false,"_monsterinsights_sitenote_note":"","_monsterinsights_sitenote_category":0,"footnotes":""},"categories":[3],"tags":[],"acf":[],"_links":{"self":[{"href":"https:\/\/przyjaznadolinaraby.info\/nowaperspektywa\/wp-json\/wp\/v2\/posts\/12891"}],"collection":[{"href":"https:\/\/przyjaznadolinaraby.info\/nowaperspektywa\/wp-json\/wp\/v2\/posts"}],"about":[{"href":"https:\/\/przyjaznadolinaraby.info\/nowaperspektywa\/wp-json\/wp\/v2\/types\/post"}],"author":[{"embeddable":true,"href":"https:\/\/przyjaznadolinaraby.info\/nowaperspektywa\/wp-json\/wp\/v2\/users\/6"}],"replies":[{"embeddable":true,"href":"https:\/\/przyjaznadolinaraby.info\/nowaperspektywa\/wp-json\/wp\/v2\/comments?post=12891"}],"version-history":[{"count":1,"href":"https:\/\/przyjaznadolinaraby.info\/nowaperspektywa\/wp-json\/wp\/v2\/posts\/12891\/revisions"}],"predecessor-version":[{"id":12892,"href":"https:\/\/przyjaznadolinaraby.info\/nowaperspektywa\/wp-json\/wp\/v2\/posts\/12891\/revisions\/12892"}],"wp:featuredmedia":[{"embeddable":true,"href":"https:\/\/przyjaznadolinaraby.info\/nowaperspektywa\/wp-json\/wp\/v2\/media\/12160"}],"wp:attachment":[{"href":"https:\/\/przyjaznadolinaraby.info\/nowaperspektywa\/wp-json\/wp\/v2\/media?parent=12891"}],"wp:term":[{"taxonomy":"category","embeddable":true,"href":"https:\/\/przyjaznadolinaraby.info\/nowaperspektywa\/wp-json\/wp\/v2\/categories?post=12891"},{"taxonomy":"post_tag","embeddable":true,"href":"https:\/\/przyjaznadolinaraby.info\/nowaperspektywa\/wp-json\/wp\/v2\/tags?post=12891"}],"curies":[{"name":"wp","href":"https:\/\/api.w.org\/{rel}","templated":true}]}}