{"id":12899,"date":"2026-03-23T12:14:27","date_gmt":"2026-03-23T11:14:27","guid":{"rendered":"https:\/\/przyjaznadolinaraby.info\/nowaperspektywa\/?p=12899"},"modified":"2026-04-27T12:15:04","modified_gmt":"2026-04-27T10:15:04","slug":"nabor-na-stanowisko-menager-ka-opieki-psycholog-w-centrum-wsparcia-uslug-spolecznych-w-podwilku","status":"publish","type":"post","link":"https:\/\/przyjaznadolinaraby.info\/nowaperspektywa\/nabor-na-stanowisko-menager-ka-opieki-psycholog-w-centrum-wsparcia-uslug-spolecznych-w-podwilku\/","title":{"rendered":"Nab\u00f3r na stanowisko: Menager\/ka opieki PSYCHOLOG  w Centrum wsparcia us\u0142ug spo\u0142ecznych w Podwilku"},"content":{"rendered":"<p data-start=\"107\" data-end=\"286\"><strong data-start=\"107\" data-end=\"286\">W zwi\u0105zku z realizacj\u0105 zadania pn. \u201eCentrum Wsparcia Us\u0142ug Spo\u0142ecznych w Podwilku\u2019\u2019, w ramach projektu nr FEMP.06.21-IP.01-1279\/24-00, og\u0142aszamy nab\u00f3r na stanowisko: <\/strong><\/p>\n<p data-start=\"107\" data-end=\"286\"><strong data-start=\"107\" data-end=\"286\">Menager\/ka opieki PSYCHOLOG w Centrum wsparcia us\u0142ug spo\u0142ecznych w Podwilku:<\/strong><\/p>\n<p data-start=\"107\" data-end=\"286\"><a href=\"https:\/\/przyjaznadolinaraby.info\/nowaperspektywa\/wp-content\/uploads\/2026\/04\/Ogeoszenie-o-naborze-psycholog.docx\">Og\u0142oszenie o naborze na stanowisko : Menager\/ka opieki PSYCHOLOG w Centrum wsparcia us\u0142ug spo\u0142ecznych w Podwilku<\/a><\/p>\n<p>&nbsp;<\/p>\n","protected":false},"excerpt":{"rendered":"<p>W zwi\u0105zku z realizacj\u0105 zadania pn. \u201eCentrum Wsparcia Us\u0142ug Spo\u0142ecznych w Podwilku\u2019\u2019, w ramach projektu nr FEMP.06.21-IP.01-1279\/24-00, og\u0142aszamy nab\u00f3r na stanowisko: Menager\/ka opieki PSYCHOLOG w Centrum wsparcia us\u0142ug spo\u0142ecznych w Podwilku: Og\u0142oszenie o naborze na stanowisko : Menager\/ka opieki PSYCHOLOG w Centrum wsparcia us\u0142ug spo\u0142ecznych w Podwilku &nbsp;<\/p>\n","protected":false},"author":6,"featured_media":12160,"comment_status":"open","ping_status":"open","sticky":false,"template":"","format":"standard","meta":{"_monsterinsights_skip_tracking":false,"_monsterinsights_sitenote_active":false,"_monsterinsights_sitenote_note":"","_monsterinsights_sitenote_category":0,"footnotes":""},"categories":[3],"tags":[],"acf":[],"_links":{"self":[{"href":"https:\/\/przyjaznadolinaraby.info\/nowaperspektywa\/wp-json\/wp\/v2\/posts\/12899"}],"collection":[{"href":"https:\/\/przyjaznadolinaraby.info\/nowaperspektywa\/wp-json\/wp\/v2\/posts"}],"about":[{"href":"https:\/\/przyjaznadolinaraby.info\/nowaperspektywa\/wp-json\/wp\/v2\/types\/post"}],"author":[{"embeddable":true,"href":"https:\/\/przyjaznadolinaraby.info\/nowaperspektywa\/wp-json\/wp\/v2\/users\/6"}],"replies":[{"embeddable":true,"href":"https:\/\/przyjaznadolinaraby.info\/nowaperspektywa\/wp-json\/wp\/v2\/comments?post=12899"}],"version-history":[{"count":1,"href":"https:\/\/przyjaznadolinaraby.info\/nowaperspektywa\/wp-json\/wp\/v2\/posts\/12899\/revisions"}],"predecessor-version":[{"id":12903,"href":"https:\/\/przyjaznadolinaraby.info\/nowaperspektywa\/wp-json\/wp\/v2\/posts\/12899\/revisions\/12903"}],"wp:featuredmedia":[{"embeddable":true,"href":"https:\/\/przyjaznadolinaraby.info\/nowaperspektywa\/wp-json\/wp\/v2\/media\/12160"}],"wp:attachment":[{"href":"https:\/\/przyjaznadolinaraby.info\/nowaperspektywa\/wp-json\/wp\/v2\/media?parent=12899"}],"wp:term":[{"taxonomy":"category","embeddable":true,"href":"https:\/\/przyjaznadolinaraby.info\/nowaperspektywa\/wp-json\/wp\/v2\/categories?post=12899"},{"taxonomy":"post_tag","embeddable":true,"href":"https:\/\/przyjaznadolinaraby.info\/nowaperspektywa\/wp-json\/wp\/v2\/tags?post=12899"}],"curies":[{"name":"wp","href":"https:\/\/api.w.org\/{rel}","templated":true}]}}