{"id":12900,"date":"2026-04-03T12:17:08","date_gmt":"2026-04-03T10:17:08","guid":{"rendered":"https:\/\/przyjaznadolinaraby.info\/nowaperspektywa\/?p=12900"},"modified":"2026-04-27T12:20:59","modified_gmt":"2026-04-27T10:20:59","slug":"drugi-etap-rekrutacji-na-stanowisko-menager-ka-opieki-psycholog-w-centrum-wsparcia-uslug-spolecznych-w-podwilku","status":"publish","type":"post","link":"https:\/\/przyjaznadolinaraby.info\/nowaperspektywa\/drugi-etap-rekrutacji-na-stanowisko-menager-ka-opieki-psycholog-w-centrum-wsparcia-uslug-spolecznych-w-podwilku\/","title":{"rendered":"Drugi etap rekrutacji na stanowisko: Menager\/ka opieki PSYCHOLOG  w Centrum wsparcia us\u0142ug spo\u0142ecznych w Podwilku"},"content":{"rendered":"<p>W zwi\u0105zku z og\u0142oszeniem naboru na stanowisko <strong>Menager\/ka opieki PSYCHOLOG <\/strong>do drugiego etapu rekrutacji zakwalifikowa\u0142a si\u0119:<\/p>\n<p>Pani Lidia Bryja Macio\u0142<\/p>\n","protected":false},"excerpt":{"rendered":"<p>W zwi\u0105zku z og\u0142oszeniem naboru na stanowisko Menager\/ka opieki PSYCHOLOG do drugiego etapu rekrutacji zakwalifikowa\u0142a si\u0119: Pani Lidia Bryja Macio\u0142<\/p>\n","protected":false},"author":6,"featured_media":12160,"comment_status":"open","ping_status":"open","sticky":false,"template":"","format":"standard","meta":{"_monsterinsights_skip_tracking":false,"_monsterinsights_sitenote_active":false,"_monsterinsights_sitenote_note":"","_monsterinsights_sitenote_category":0,"footnotes":""},"categories":[3],"tags":[],"acf":[],"_links":{"self":[{"href":"https:\/\/przyjaznadolinaraby.info\/nowaperspektywa\/wp-json\/wp\/v2\/posts\/12900"}],"collection":[{"href":"https:\/\/przyjaznadolinaraby.info\/nowaperspektywa\/wp-json\/wp\/v2\/posts"}],"about":[{"href":"https:\/\/przyjaznadolinaraby.info\/nowaperspektywa\/wp-json\/wp\/v2\/types\/post"}],"author":[{"embeddable":true,"href":"https:\/\/przyjaznadolinaraby.info\/nowaperspektywa\/wp-json\/wp\/v2\/users\/6"}],"replies":[{"embeddable":true,"href":"https:\/\/przyjaznadolinaraby.info\/nowaperspektywa\/wp-json\/wp\/v2\/comments?post=12900"}],"version-history":[{"count":1,"href":"https:\/\/przyjaznadolinaraby.info\/nowaperspektywa\/wp-json\/wp\/v2\/posts\/12900\/revisions"}],"predecessor-version":[{"id":12904,"href":"https:\/\/przyjaznadolinaraby.info\/nowaperspektywa\/wp-json\/wp\/v2\/posts\/12900\/revisions\/12904"}],"wp:featuredmedia":[{"embeddable":true,"href":"https:\/\/przyjaznadolinaraby.info\/nowaperspektywa\/wp-json\/wp\/v2\/media\/12160"}],"wp:attachment":[{"href":"https:\/\/przyjaznadolinaraby.info\/nowaperspektywa\/wp-json\/wp\/v2\/media?parent=12900"}],"wp:term":[{"taxonomy":"category","embeddable":true,"href":"https:\/\/przyjaznadolinaraby.info\/nowaperspektywa\/wp-json\/wp\/v2\/categories?post=12900"},{"taxonomy":"post_tag","embeddable":true,"href":"https:\/\/przyjaznadolinaraby.info\/nowaperspektywa\/wp-json\/wp\/v2\/tags?post=12900"}],"curies":[{"name":"wp","href":"https:\/\/api.w.org\/{rel}","templated":true}]}}