{"id":12901,"date":"2026-04-08T12:22:06","date_gmt":"2026-04-08T10:22:06","guid":{"rendered":"https:\/\/przyjaznadolinaraby.info\/nowaperspektywa\/?p=12901"},"modified":"2026-04-27T12:22:23","modified_gmt":"2026-04-27T10:22:23","slug":"wyniki-naboru-na-stanowisko-menager-ka-opieki-psycholog-w-centrum-wsparcia-uslug-spolecznych-w-podwilku","status":"publish","type":"post","link":"https:\/\/przyjaznadolinaraby.info\/nowaperspektywa\/wyniki-naboru-na-stanowisko-menager-ka-opieki-psycholog-w-centrum-wsparcia-uslug-spolecznych-w-podwilku\/","title":{"rendered":"Wyniki naboru na stanowisko: Menager\/ka opieki PSYCHOLOG w Centrum wsparcia us\u0142ug spo\u0142ecznych w Podwilku\u00a0"},"content":{"rendered":"<p>W zwi\u0105zku z zako\u0144czeniem nabor\u00f3w na stanowisko <strong>Menager\/ka opieki PSYCHOLOG <\/strong>i przeprowadzeniu z kandydatami rozmowy kwalifikacyjnej informujemy, i\u017c na to stanowisko wybrano:<\/p>\n<p>Pani\u0105 Lidi\u0119 Bryja Macio\u0142<\/p>\n","protected":false},"excerpt":{"rendered":"<p>W zwi\u0105zku z zako\u0144czeniem nabor\u00f3w na stanowisko Menager\/ka opieki PSYCHOLOG i przeprowadzeniu z kandydatami rozmowy kwalifikacyjnej informujemy, i\u017c na to stanowisko wybrano: Pani\u0105 Lidi\u0119 Bryja Macio\u0142<\/p>\n","protected":false},"author":6,"featured_media":12160,"comment_status":"open","ping_status":"open","sticky":false,"template":"","format":"standard","meta":{"_monsterinsights_skip_tracking":false,"_monsterinsights_sitenote_active":false,"_monsterinsights_sitenote_note":"","_monsterinsights_sitenote_category":0,"footnotes":""},"categories":[3],"tags":[],"acf":[],"_links":{"self":[{"href":"https:\/\/przyjaznadolinaraby.info\/nowaperspektywa\/wp-json\/wp\/v2\/posts\/12901"}],"collection":[{"href":"https:\/\/przyjaznadolinaraby.info\/nowaperspektywa\/wp-json\/wp\/v2\/posts"}],"about":[{"href":"https:\/\/przyjaznadolinaraby.info\/nowaperspektywa\/wp-json\/wp\/v2\/types\/post"}],"author":[{"embeddable":true,"href":"https:\/\/przyjaznadolinaraby.info\/nowaperspektywa\/wp-json\/wp\/v2\/users\/6"}],"replies":[{"embeddable":true,"href":"https:\/\/przyjaznadolinaraby.info\/nowaperspektywa\/wp-json\/wp\/v2\/comments?post=12901"}],"version-history":[{"count":1,"href":"https:\/\/przyjaznadolinaraby.info\/nowaperspektywa\/wp-json\/wp\/v2\/posts\/12901\/revisions"}],"predecessor-version":[{"id":12905,"href":"https:\/\/przyjaznadolinaraby.info\/nowaperspektywa\/wp-json\/wp\/v2\/posts\/12901\/revisions\/12905"}],"wp:featuredmedia":[{"embeddable":true,"href":"https:\/\/przyjaznadolinaraby.info\/nowaperspektywa\/wp-json\/wp\/v2\/media\/12160"}],"wp:attachment":[{"href":"https:\/\/przyjaznadolinaraby.info\/nowaperspektywa\/wp-json\/wp\/v2\/media?parent=12901"}],"wp:term":[{"taxonomy":"category","embeddable":true,"href":"https:\/\/przyjaznadolinaraby.info\/nowaperspektywa\/wp-json\/wp\/v2\/categories?post=12901"},{"taxonomy":"post_tag","embeddable":true,"href":"https:\/\/przyjaznadolinaraby.info\/nowaperspektywa\/wp-json\/wp\/v2\/tags?post=12901"}],"curies":[{"name":"wp","href":"https:\/\/api.w.org\/{rel}","templated":true}]}}